{"id":26345,"date":"2025-01-31T09:46:07","date_gmt":"2025-01-31T12:46:07","guid":{"rendered":"https:\/\/hablemosclarotdf.com.ar\/?p=26345"},"modified":"2025-01-31T09:46:07","modified_gmt":"2025-01-31T12:46:07","slug":"gobierno-lanza-el-proyecto-senderos-accesibles","status":"publish","type":"post","link":"https:\/\/hablemosclarotdf.com.ar\/?p=26345","title":{"rendered":"GOBIERNO LANZA EL PROYECTO SENDEROS ACCESIBLES"},"content":{"rendered":"<p>En el marco del Programa Provincial de Accesibilidad el Gobierno de Tierra del Fuego AIAS lanza el proyecto Senderos Accesibles.<\/p>\n<p>Se relevar\u00e1n ocho de los senderos m\u00e1s transitados en la provincia y se generar\u00e1n las propuestas para dotarlos de carteles y se\u00f1ales accesibles para todas las personas, en particular para las personas mayores y las personas con discapacidad. Se confeccionar\u00e1 un manual de carteler\u00eda y se\u00f1alizaci\u00f3n de senderos accesibles con la participaci\u00f3n de t\u00e9cnicos de la Agencia Nacional de Discapacidad y del Instituto Fueguino de Turismo y se realizar\u00e1n proyectos de obras para la mejora de la accesibilidad f\u00edsica en dos senderos.<\/p>\n<p>Con financiamiento del Consejo Federal de Inversiones y la Unidad Ejecutora integrada por la Asociaci\u00f3n Civil Manekenk, en un trabajo articulado con el InFueTur, se dio inicio al proyecto con una capacitaci\u00f3n sobre \u2018Accesibilidad cognitiva en entornos naturales\u2019 a cargo de la Magister Lorena Boschetti.<\/p>\n<p>Sobre esto, la jefa de Calidad y Capacitaci\u00f3n del Instituto, Cecilia Colombres, resalt\u00f3 la importancia de avanzar en este sentido \u201cpara que nuestros entornos naturales puedan ser transitados por todas las personas\u201d.<\/p>\n<p>Asimismo, dijo que \u201cdesde el InFueTur hemos trabajado en diferentes acciones y con diversas entidades para que el Fin del Mundo sea un destino accesible\u201d. Adem\u00e1s, resalt\u00f3 \u201cel gran inter\u00e9s y compromiso de las empresas tur\u00edsticas por recibir estas capacitaciones y talleres\u201d.<\/p>\n","protected":false},"excerpt":{"rendered":"<p>En el marco del Programa Provincial de Accesibilidad el Gobierno de Tierra del Fuego AIAS&#8230;<\/p>\n","protected":false},"author":1,"featured_media":26346,"comment_status":"closed","ping_status":"closed","sticky":false,"template":"","format":"standard","meta":{"footnotes":""},"categories":[3],"tags":[],"class_list":["post-26345","post","type-post","status-publish","format-standard","has-post-thumbnail","hentry","category-noticias"],"jetpack_featured_media_url":"https:\/\/hablemosclarotdf.com.ar\/wp-content\/uploads\/2025\/01\/photo_2025-01-31_09-45-33.jpg","_links":{"self":[{"href":"https:\/\/hablemosclarotdf.com.ar\/index.php?rest_route=\/wp\/v2\/posts\/26345","targetHints":{"allow":["GET"]}}],"collection":[{"href":"https:\/\/hablemosclarotdf.com.ar\/index.php?rest_route=\/wp\/v2\/posts"}],"about":[{"href":"https:\/\/hablemosclarotdf.com.ar\/index.php?rest_route=\/wp\/v2\/types\/post"}],"author":[{"embeddable":true,"href":"https:\/\/hablemosclarotdf.com.ar\/index.php?rest_route=\/wp\/v2\/users\/1"}],"replies":[{"embeddable":true,"href":"https:\/\/hablemosclarotdf.com.ar\/index.php?rest_route=%2Fwp%2Fv2%2Fcomments&post=26345"}],"version-history":[{"count":1,"href":"https:\/\/hablemosclarotdf.com.ar\/index.php?rest_route=\/wp\/v2\/posts\/26345\/revisions"}],"predecessor-version":[{"id":26347,"href":"https:\/\/hablemosclarotdf.com.ar\/index.php?rest_route=\/wp\/v2\/posts\/26345\/revisions\/26347"}],"wp:featuredmedia":[{"embeddable":true,"href":"https:\/\/hablemosclarotdf.com.ar\/index.php?rest_route=\/wp\/v2\/media\/26346"}],"wp:attachment":[{"href":"https:\/\/hablemosclarotdf.com.ar\/index.php?rest_route=%2Fwp%2Fv2%2Fmedia&parent=26345"}],"wp:term":[{"taxonomy":"category","embeddable":true,"href":"https:\/\/hablemosclarotdf.com.ar\/index.php?rest_route=%2Fwp%2Fv2%2Fcategories&post=26345"},{"taxonomy":"post_tag","embeddable":true,"href":"https:\/\/hablemosclarotdf.com.ar\/index.php?rest_route=%2Fwp%2Fv2%2Ftags&post=26345"}],"curies":[{"name":"wp","href":"https:\/\/api.w.org\/{rel}","templated":true}]}}