{"id":26338,"date":"2025-01-31T09:44:01","date_gmt":"2025-01-31T12:44:01","guid":{"rendered":"https:\/\/hablemosclarotdf.com.ar\/?p=26338"},"modified":"2025-01-31T09:44:01","modified_gmt":"2025-01-31T12:44:01","slug":"rga-alimentos-capacitaciones-para-mejorar-sus-estandares-de-calidad-y-de-bienestar-animal","status":"publish","type":"post","link":"https:\/\/hablemosclarotdf.com.ar\/?p=26338","title":{"rendered":"RGA ALIMENTOS: CAPACITACIONES PARA MEJORAR SUS EST\u00c1NDARES DE CALIDAD Y DE BIENESTAR ANIMAL"},"content":{"rendered":"<p>Se llevaron adelante las \u201cJornadas de Capacitaci\u00f3n Av\u00edcola desde la Cr\u00eda de Aves hasta la Recepci\u00f3n en el Consumidor\u201d, organizadas por R\u00edo Grande Activa junto al Municipio y el Instituto Nacional de Tecnolog\u00eda Agropecuaria (INTA).<\/p>\n<p>Con el objetivo de seguir entregando un producto de calidad para todos los fueguinos y fueguinas, se llevaron adelante las jornadas de capacitaci\u00f3n para mantenerse en la frontera del conocimiento av\u00edcola, as\u00ed como para mejorar la eficiencia productiva y de comercializaci\u00f3n.<\/p>\n<p>Motivo por el que, personal de todas las \u00e1reas de la empresa R\u00edo Grande Activa se capacit\u00f3 con la Dra. Met. Zulma Canet, especialista av\u00edcola nacional del INTA.<\/p>\n<p>Entre los temas que se trataron, se destacan las pr\u00e1cticas m\u00e1s avanzadas de procesos productivos av\u00edcolas, nuevas normas para certificaci\u00f3n de bienestar animal, sanidad y medio ambiente.<\/p>\n<p>Tambi\u00e9n se desarroll\u00f3 un m\u00f3dulo sobre la preparaci\u00f3n de instalaciones y el manejo del ambiente av\u00edcola. En otro m\u00f3dulo, se pusieron en com\u00fan lo \u00faltimo sobre las mejores pr\u00e1cticas de faena av\u00edcola.<\/p>\n<p>Finalmente, se abordaron las actuales normativas para garantizar el consumo \u00f3ptimo de los productos por parte de los vecinos y vecinas.<\/p>\n<p>El Presidente de R\u00edo Grande Activa, Lic. Juan Pablo Deluca expres\u00f3 que \u201cllevamos adelante estas capacitaciones de la mano del Municipio de R\u00edo Grande y del INTA, en el marco del Plan de Negocios que lleva adelante R\u00edo Grande Activa para este a\u00f1o\u201d.<\/p>\n<p>\u201cLas capacitaciones brindaron conocimientos de vanguardia a nivel nacional e internacional. Este es uno de nuestros pilares para poder ofrecer a los vecinos y vecinas de toda la provincia, el mejor producto y el mejor servicio con los mejores est\u00e1ndares de calidad del producto, de bienestar animal y ambiental\u201d.<\/p>\n<p>\u201cUn especial agradecimiento a todo el personal de R\u00edo Grande Activa, del Municipio de R\u00edo Grande y a los especialistas que se acercaron hasta R\u00edo Grande para realizar una capacitaci\u00f3n de nivel internacional\u201d, expres\u00f3.<\/p>\n<p>La Dra. Med. Vet. Zulma Canet, expres\u00f3 que \u201cla capacitaci\u00f3n fue muy positiva, el proyecto es s\u00faper interesante, producir pollo fresco en la Patagonia es todo un desaf\u00edo y lo est\u00e1n logrando\u201d.<\/p>\n<p>\u201cNos enfocamos en el manejo de pollos y sobre todo, la importancia del proceso de la faena. Me encontr\u00e9 con los equipos de R\u00edo Grande Activa, que les gusta el trabajo que est\u00e1n haciendo y eso realmente es un beneficio\u201d, puntualiz\u00f3<\/p>\n<p><img loading=\"lazy\" decoding=\"async\" class=\"alignnone size-medium wp-image-26340\" src=\"https:\/\/hablemosclarotdf.com.ar\/wp-content\/uploads\/2025\/01\/photo_2025-01-31_09-42-40-300x214.jpg\" alt=\"\" width=\"300\" height=\"214\" srcset=\"https:\/\/hablemosclarotdf.com.ar\/wp-content\/uploads\/2025\/01\/photo_2025-01-31_09-42-40-300x214.jpg 300w, https:\/\/hablemosclarotdf.com.ar\/wp-content\/uploads\/2025\/01\/photo_2025-01-31_09-42-40-1024x731.jpg 1024w, https:\/\/hablemosclarotdf.com.ar\/wp-content\/uploads\/2025\/01\/photo_2025-01-31_09-42-40-768x548.jpg 768w, https:\/\/hablemosclarotdf.com.ar\/wp-content\/uploads\/2025\/01\/photo_2025-01-31_09-42-40.jpg 1500w\" sizes=\"auto, (max-width: 300px) 100vw, 300px\" \/> <img loading=\"lazy\" decoding=\"async\" class=\"alignnone size-medium wp-image-26341\" src=\"https:\/\/hablemosclarotdf.com.ar\/wp-content\/uploads\/2025\/01\/photo_2025-01-31_09-42-44-300x214.jpg\" alt=\"\" width=\"300\" height=\"214\" srcset=\"https:\/\/hablemosclarotdf.com.ar\/wp-content\/uploads\/2025\/01\/photo_2025-01-31_09-42-44-300x214.jpg 300w, https:\/\/hablemosclarotdf.com.ar\/wp-content\/uploads\/2025\/01\/photo_2025-01-31_09-42-44-1024x731.jpg 1024w, https:\/\/hablemosclarotdf.com.ar\/wp-content\/uploads\/2025\/01\/photo_2025-01-31_09-42-44-768x548.jpg 768w, https:\/\/hablemosclarotdf.com.ar\/wp-content\/uploads\/2025\/01\/photo_2025-01-31_09-42-44.jpg 1500w\" sizes=\"auto, (max-width: 300px) 100vw, 300px\" \/> <img loading=\"lazy\" decoding=\"async\" class=\"alignnone size-medium wp-image-26342\" src=\"https:\/\/hablemosclarotdf.com.ar\/wp-content\/uploads\/2025\/01\/photo_2025-01-31_09-42-47-300x214.jpg\" alt=\"\" width=\"300\" height=\"214\" srcset=\"https:\/\/hablemosclarotdf.com.ar\/wp-content\/uploads\/2025\/01\/photo_2025-01-31_09-42-47-300x214.jpg 300w, https:\/\/hablemosclarotdf.com.ar\/wp-content\/uploads\/2025\/01\/photo_2025-01-31_09-42-47-1024x731.jpg 1024w, https:\/\/hablemosclarotdf.com.ar\/wp-content\/uploads\/2025\/01\/photo_2025-01-31_09-42-47-768x548.jpg 768w, https:\/\/hablemosclarotdf.com.ar\/wp-content\/uploads\/2025\/01\/photo_2025-01-31_09-42-47.jpg 1500w\" sizes=\"auto, (max-width: 300px) 100vw, 300px\" \/> <img loading=\"lazy\" decoding=\"async\" class=\"alignnone size-medium wp-image-26343\" src=\"https:\/\/hablemosclarotdf.com.ar\/wp-content\/uploads\/2025\/01\/photo_2025-01-31_09-42-52-300x214.jpg\" alt=\"\" width=\"300\" height=\"214\" srcset=\"https:\/\/hablemosclarotdf.com.ar\/wp-content\/uploads\/2025\/01\/photo_2025-01-31_09-42-52-300x214.jpg 300w, https:\/\/hablemosclarotdf.com.ar\/wp-content\/uploads\/2025\/01\/photo_2025-01-31_09-42-52-1024x731.jpg 1024w, https:\/\/hablemosclarotdf.com.ar\/wp-content\/uploads\/2025\/01\/photo_2025-01-31_09-42-52-768x548.jpg 768w, https:\/\/hablemosclarotdf.com.ar\/wp-content\/uploads\/2025\/01\/photo_2025-01-31_09-42-52.jpg 1500w\" sizes=\"auto, (max-width: 300px) 100vw, 300px\" \/><\/p>\n","protected":false},"excerpt":{"rendered":"<p>Se llevaron adelante las \u201cJornadas de Capacitaci\u00f3n Av\u00edcola desde la Cr\u00eda de Aves hasta la&#8230;<\/p>\n","protected":false},"author":1,"featured_media":26339,"comment_status":"closed","ping_status":"closed","sticky":false,"template":"","format":"standard","meta":{"footnotes":""},"categories":[3],"tags":[],"class_list":["post-26338","post","type-post","status-publish","format-standard","has-post-thumbnail","hentry","category-noticias"],"jetpack_featured_media_url":"https:\/\/hablemosclarotdf.com.ar\/wp-content\/uploads\/2025\/01\/photo_2025-01-31_09-42-36.jpg","_links":{"self":[{"href":"https:\/\/hablemosclarotdf.com.ar\/index.php?rest_route=\/wp\/v2\/posts\/26338","targetHints":{"allow":["GET"]}}],"collection":[{"href":"https:\/\/hablemosclarotdf.com.ar\/index.php?rest_route=\/wp\/v2\/posts"}],"about":[{"href":"https:\/\/hablemosclarotdf.com.ar\/index.php?rest_route=\/wp\/v2\/types\/post"}],"author":[{"embeddable":true,"href":"https:\/\/hablemosclarotdf.com.ar\/index.php?rest_route=\/wp\/v2\/users\/1"}],"replies":[{"embeddable":true,"href":"https:\/\/hablemosclarotdf.com.ar\/index.php?rest_route=%2Fwp%2Fv2%2Fcomments&post=26338"}],"version-history":[{"count":1,"href":"https:\/\/hablemosclarotdf.com.ar\/index.php?rest_route=\/wp\/v2\/posts\/26338\/revisions"}],"predecessor-version":[{"id":26344,"href":"https:\/\/hablemosclarotdf.com.ar\/index.php?rest_route=\/wp\/v2\/posts\/26338\/revisions\/26344"}],"wp:featuredmedia":[{"embeddable":true,"href":"https:\/\/hablemosclarotdf.com.ar\/index.php?rest_route=\/wp\/v2\/media\/26339"}],"wp:attachment":[{"href":"https:\/\/hablemosclarotdf.com.ar\/index.php?rest_route=%2Fwp%2Fv2%2Fmedia&parent=26338"}],"wp:term":[{"taxonomy":"category","embeddable":true,"href":"https:\/\/hablemosclarotdf.com.ar\/index.php?rest_route=%2Fwp%2Fv2%2Fcategories&post=26338"},{"taxonomy":"post_tag","embeddable":true,"href":"https:\/\/hablemosclarotdf.com.ar\/index.php?rest_route=%2Fwp%2Fv2%2Ftags&post=26338"}],"curies":[{"name":"wp","href":"https:\/\/api.w.org\/{rel}","templated":true}]}}