{"id":24806,"date":"2025-01-10T21:16:58","date_gmt":"2025-01-11T00:16:58","guid":{"rendered":"https:\/\/hablemosclarotdf.com.ar\/?p=24806"},"modified":"2025-01-10T21:16:58","modified_gmt":"2025-01-11T00:16:58","slug":"estado-de-situacion-continua-la-intensa-tarea-de-brigadistas-combatiendo-el-incendio-declarado-en-estancia-san-justo","status":"publish","type":"post","link":"https:\/\/hablemosclarotdf.com.ar\/?p=24806","title":{"rendered":"ESTADO DE SITUACI\u00d3N: CONTIN\u00daA LA INTENSA TAREA DE BRIGADISTAS COMBATIENDO EL INCENDIO DECLARADO EN ESTANCIA SAN JUSTO"},"content":{"rendered":"<p>El incendio se mantiene circunscripto y ha sido dividido en dos sectores para optimizar los trabajos.<\/p>\n<p>En el sector 1 se contin\u00faa consolidando las l\u00edneas de defensa en todo el per\u00edmetro, utilizando herramientas manuales y motosierras, area con mayor actividad.<\/p>\n<p>En el sector 2 se est\u00e1n llevando a cabo tareas de extinci\u00f3n con equipos de bombeo, operando dos l\u00edneas para humectar la cabeza del incendio.<\/p>\n<p>El per\u00edmetro del incendio se encuentra afianzado, y los brigadistas siguen desarrollando los trabajos planificados durante la jornada.<\/p>\n<p>Se reitera a la poblaci\u00f3n evitar trasladarse hasta la zona para as\u00ed no entorpecer el trabajo de las fuerzas de seguridad afectadas al incendio.<\/p>\n<p>Desde la Secretar\u00eda de Ambiente de provincia se recuerda que en caso de emergencia o si se detecta una columna de humo, se debe comunicar inmediatamente al 103 o 911.<\/p>\n<p>Se solicita tambi\u00e9n respetar las restricciones del uso de fuego, por lo que se insta a la poblaci\u00f3n a colaborar en la prevenci\u00f3n evitando arrojar colillas de cigarrillos o residuos en \u00e1reas naturales.<\/p>\n<p>Se recuerda adem\u00e1s que est\u00e1 habilitado el uso de calentadores a gas homologados y de corte r\u00e1pido en toda la provincia, es decir pueden ser usados como alternativa al fuego convencional.<\/p>\n<p>Para consultar el \u00edndice de peligro de incendios y los sitios habilitados, haga clic aqu\u00ed:<\/p>\n<blockquote class=\"wp-embedded-content\" data-secret=\"92NGgxcv3n\"><p><a href=\"https:\/\/prodyambiente.tierradelfuego.gob.ar\/temporada-de-incendios\/\">Temporada de Incendios<\/a><\/p><\/blockquote>\n<p><iframe loading=\"lazy\" class=\"wp-embedded-content\" sandbox=\"allow-scripts\" security=\"restricted\" style=\"position: absolute; visibility: hidden;\" title=\"&#8220;Temporada de Incendios&#8221; &#8212; Ministerio de Producci\u00f3n y Ambiente\" src=\"https:\/\/prodyambiente.tierradelfuego.gob.ar\/temporada-de-incendios\/embed\/#?secret=uLHiPcFFHX#?secret=92NGgxcv3n\" data-secret=\"92NGgxcv3n\" width=\"600\" height=\"338\" frameborder=\"0\" marginwidth=\"0\" marginheight=\"0\" scrolling=\"no\"><\/iframe><\/p>\n","protected":false},"excerpt":{"rendered":"<p>El incendio se mantiene circunscripto y ha sido dividido en dos sectores para optimizar los&#8230;<\/p>\n","protected":false},"author":1,"featured_media":24807,"comment_status":"closed","ping_status":"closed","sticky":false,"template":"","format":"standard","meta":{"footnotes":""},"categories":[3],"tags":[],"class_list":["post-24806","post","type-post","status-publish","format-standard","has-post-thumbnail","hentry","category-noticias"],"jetpack_featured_media_url":"https:\/\/hablemosclarotdf.com.ar\/wp-content\/uploads\/2025\/01\/photo_2025-01-10_21-15-51.jpg","_links":{"self":[{"href":"https:\/\/hablemosclarotdf.com.ar\/index.php?rest_route=\/wp\/v2\/posts\/24806","targetHints":{"allow":["GET"]}}],"collection":[{"href":"https:\/\/hablemosclarotdf.com.ar\/index.php?rest_route=\/wp\/v2\/posts"}],"about":[{"href":"https:\/\/hablemosclarotdf.com.ar\/index.php?rest_route=\/wp\/v2\/types\/post"}],"author":[{"embeddable":true,"href":"https:\/\/hablemosclarotdf.com.ar\/index.php?rest_route=\/wp\/v2\/users\/1"}],"replies":[{"embeddable":true,"href":"https:\/\/hablemosclarotdf.com.ar\/index.php?rest_route=%2Fwp%2Fv2%2Fcomments&post=24806"}],"version-history":[{"count":1,"href":"https:\/\/hablemosclarotdf.com.ar\/index.php?rest_route=\/wp\/v2\/posts\/24806\/revisions"}],"predecessor-version":[{"id":24808,"href":"https:\/\/hablemosclarotdf.com.ar\/index.php?rest_route=\/wp\/v2\/posts\/24806\/revisions\/24808"}],"wp:featuredmedia":[{"embeddable":true,"href":"https:\/\/hablemosclarotdf.com.ar\/index.php?rest_route=\/wp\/v2\/media\/24807"}],"wp:attachment":[{"href":"https:\/\/hablemosclarotdf.com.ar\/index.php?rest_route=%2Fwp%2Fv2%2Fmedia&parent=24806"}],"wp:term":[{"taxonomy":"category","embeddable":true,"href":"https:\/\/hablemosclarotdf.com.ar\/index.php?rest_route=%2Fwp%2Fv2%2Fcategories&post=24806"},{"taxonomy":"post_tag","embeddable":true,"href":"https:\/\/hablemosclarotdf.com.ar\/index.php?rest_route=%2Fwp%2Fv2%2Ftags&post=24806"}],"curies":[{"name":"wp","href":"https:\/\/api.w.org\/{rel}","templated":true}]}}