{"id":24797,"date":"2025-01-10T18:12:33","date_gmt":"2025-01-10T21:12:33","guid":{"rendered":"https:\/\/hablemosclarotdf.com.ar\/?p=24797"},"modified":"2025-01-10T18:12:33","modified_gmt":"2025-01-10T21:12:33","slug":"ushuaia-la-municipalidad-abre-las-inscripciones-a-la-6-edicion-del-encuentro-internacional-de-muralistas-en-el-fin-del-mundo-emush-2025","status":"publish","type":"post","link":"https:\/\/hablemosclarotdf.com.ar\/?p=24797","title":{"rendered":"USHUAIA : LA MUNICIPALIDAD  ABRE LAS INSCRIPCIONES A LA 6\u00b0 EDICI\u00d3N DEL ENCUENTRO INTERNACIONAL DE MURALISTAS EN EL FIN DEL MUNDO \u201cEMUSH 2025\u201d"},"content":{"rendered":"<p>La tem\u00e1tica de esta edici\u00f3n ser\u00e1 \u201cHacernos Comunidad\u201d<\/p>\n<p>La Secretar\u00eda de Cultura y Educaci\u00f3n de la Municipalidad de Ushuaia anuncia a la comunidad que se encuentran abiertas las inscripciones a la 6\u00b0 Edici\u00f3n del Encuentro Internacional de Muralistas en el Fin del Mundo \u201cEMUSH 2025\u201d. La misma se desarrollar\u00e1 desde el 15 al 23 de marzo, sumando unos once nuevos murales a los m\u00e1s de 350 presentes a lo largo y ancho de la ciudad.<br \/>\nLa propuesta municipal contar\u00e1 con una inscripci\u00f3n v\u00eda formulario web: https:\/\/acortar.link\/yLGeMj desde el d\u00eda 10 de enero hasta el 26 de enero inclusive, donde las y los artistas deber\u00e1n presentar sus proyectos para ser seleccionados por la Comisi\u00f3n evaluadora. En esta edici\u00f3n, bajo la tem\u00e1tica de \u201cHacernos Comunidad\u201d se buscar\u00e1n propuestas que reflejen la unidad, empat\u00eda, derechos, identidad, participaci\u00f3n comunitaria, cooperativismo, compromiso ciudadano y sustentabilidad entre otras. Las y los interesados podr\u00e1n contactarse a su vez a trav\u00e9s del correo electr\u00f3nico muralismo.emush@gmail.com o en las redes de la Secretar\u00eda de Cultura y Educaci\u00f3n @culturayeducacionush para conocer m\u00e1s sobre las bases, condiciones y requisitos.<br \/>\nBel\u00e9n Molina, secretaria de Cultura y Educaci\u00f3n, destac\u00f3 que \u201cnos llena de orgullo presentar la 6\u00b0 Edici\u00f3n de este programa municipal que apuesta por la construcci\u00f3n de nuestra identidad y comunidad a trav\u00e9s de la cultura, m\u00e1s en el momento complejo que estamos atravesando a nivel nacional y que afectan directamente a los y las artistas\u201d.<br \/>\nAsimismo, la funcionaria recalc\u00f3 que \u201cdesde la gesti\u00f3n municipal consideramos fundamental seguir potenciando y acompa\u00f1ando a las y los trabajadores de la cultura, que a trav\u00e9s de la intervenci\u00f3n art\u00edstica de los muros de nuestra ciudad fortalecen nuestra identidad como fueguinos y fueguinas, poniendo en valor y recuperando los espacios urbanos que nos inviten a la reflexi\u00f3n en esta gran galer\u00eda a cielo abierto en la que se ha convertido Ushuaia\u201d.<br \/>\nQui\u00e9nes deseen conocer m\u00e1s sobre el 6\u00b0 Encuentro Internacional de Muralistas en el Fin del Mundo, que se llevar\u00e1 adelante durante el mes de marzo, podr\u00e1n visitar las redes sociales de la Municipalidad de Ushuaia y la Secretar\u00eda de Cultura y Educaci\u00f3n en @ushuaiamunicipalidad y @culturayeducacionush respectivamente.<\/p>\n","protected":false},"excerpt":{"rendered":"<p>La tem\u00e1tica de esta edici\u00f3n ser\u00e1 \u201cHacernos Comunidad\u201d La Secretar\u00eda de Cultura y Educaci\u00f3n de&#8230;<\/p>\n","protected":false},"author":1,"featured_media":24798,"comment_status":"closed","ping_status":"closed","sticky":false,"template":"","format":"standard","meta":{"footnotes":""},"categories":[3],"tags":[],"class_list":["post-24797","post","type-post","status-publish","format-standard","has-post-thumbnail","hentry","category-noticias"],"jetpack_featured_media_url":"https:\/\/hablemosclarotdf.com.ar\/wp-content\/uploads\/2025\/01\/photo_2025-01-10_18-11-57.jpg","_links":{"self":[{"href":"https:\/\/hablemosclarotdf.com.ar\/index.php?rest_route=\/wp\/v2\/posts\/24797","targetHints":{"allow":["GET"]}}],"collection":[{"href":"https:\/\/hablemosclarotdf.com.ar\/index.php?rest_route=\/wp\/v2\/posts"}],"about":[{"href":"https:\/\/hablemosclarotdf.com.ar\/index.php?rest_route=\/wp\/v2\/types\/post"}],"author":[{"embeddable":true,"href":"https:\/\/hablemosclarotdf.com.ar\/index.php?rest_route=\/wp\/v2\/users\/1"}],"replies":[{"embeddable":true,"href":"https:\/\/hablemosclarotdf.com.ar\/index.php?rest_route=%2Fwp%2Fv2%2Fcomments&post=24797"}],"version-history":[{"count":1,"href":"https:\/\/hablemosclarotdf.com.ar\/index.php?rest_route=\/wp\/v2\/posts\/24797\/revisions"}],"predecessor-version":[{"id":24799,"href":"https:\/\/hablemosclarotdf.com.ar\/index.php?rest_route=\/wp\/v2\/posts\/24797\/revisions\/24799"}],"wp:featuredmedia":[{"embeddable":true,"href":"https:\/\/hablemosclarotdf.com.ar\/index.php?rest_route=\/wp\/v2\/media\/24798"}],"wp:attachment":[{"href":"https:\/\/hablemosclarotdf.com.ar\/index.php?rest_route=%2Fwp%2Fv2%2Fmedia&parent=24797"}],"wp:term":[{"taxonomy":"category","embeddable":true,"href":"https:\/\/hablemosclarotdf.com.ar\/index.php?rest_route=%2Fwp%2Fv2%2Fcategories&post=24797"},{"taxonomy":"post_tag","embeddable":true,"href":"https:\/\/hablemosclarotdf.com.ar\/index.php?rest_route=%2Fwp%2Fv2%2Ftags&post=24797"}],"curies":[{"name":"wp","href":"https:\/\/api.w.org\/{rel}","templated":true}]}}