{"id":24794,"date":"2025-01-10T15:30:34","date_gmt":"2025-01-10T18:30:34","guid":{"rendered":"https:\/\/hablemosclarotdf.com.ar\/?p=24794"},"modified":"2025-01-10T15:30:34","modified_gmt":"2025-01-10T18:30:34","slug":"rio-grande-alerta-meteorologica-por-fuertes-vientos-para-este-domingo","status":"publish","type":"post","link":"https:\/\/hablemosclarotdf.com.ar\/?p=24794","title":{"rendered":"RIO GRANDE : ALERTA METEOROL\u00d3GICA POR FUERTES VIENTOS PARA ESTE DOMINGO"},"content":{"rendered":"<p>A trav\u00e9s de la Direcci\u00f3n de Defensa Civil, el Municipio informa a la comunidad que regir\u00e1 una alerta amarilla y una naranja por vientos intensos para este domingo 12 de enero, emitido por el Servicio Meteorol\u00f3gico Nacional.<\/p>\n<p>En ese marco, R\u00edo Grande se ver\u00e1 afectada por r\u00e1fagas que oscilar\u00e1n entre los 85 y 120 km\/h. Las mismas comenzar\u00e1n por la ma\u00f1ana, intensific\u00e1ndose desde las 14 horas aproximadamente hacia la noche.<\/p>\n<p>En virtud de ello, se solicita a los vecinos y vecinas evitar actividades al aire libre, asegurar los elementos en sus propiedades y respetar los horarios de recolecci\u00f3n de residuos para evitar posibles situaciones de peligro.<\/p>\n<p>Asimismo, se recomienda circular con precauci\u00f3n y consultar previamente si est\u00e1n dadas las condiciones para transitar, de forma segura, en la ruta.<\/p>\n<p>Ante cualquier inconveniente o emergencia pueden comunicarse con Defensa Civil Municipal a trav\u00e9s de la l\u00ednea 103 de emergencia.<\/p>\n","protected":false},"excerpt":{"rendered":"<p>A trav\u00e9s de la Direcci\u00f3n de Defensa Civil, el Municipio informa a la comunidad que&#8230;<\/p>\n","protected":false},"author":1,"featured_media":24795,"comment_status":"closed","ping_status":"closed","sticky":false,"template":"","format":"standard","meta":{"footnotes":""},"categories":[3],"tags":[],"class_list":["post-24794","post","type-post","status-publish","format-standard","has-post-thumbnail","hentry","category-noticias"],"jetpack_featured_media_url":"https:\/\/hablemosclarotdf.com.ar\/wp-content\/uploads\/2025\/01\/photo_2025-01-10_15-29-51.jpg","_links":{"self":[{"href":"https:\/\/hablemosclarotdf.com.ar\/index.php?rest_route=\/wp\/v2\/posts\/24794","targetHints":{"allow":["GET"]}}],"collection":[{"href":"https:\/\/hablemosclarotdf.com.ar\/index.php?rest_route=\/wp\/v2\/posts"}],"about":[{"href":"https:\/\/hablemosclarotdf.com.ar\/index.php?rest_route=\/wp\/v2\/types\/post"}],"author":[{"embeddable":true,"href":"https:\/\/hablemosclarotdf.com.ar\/index.php?rest_route=\/wp\/v2\/users\/1"}],"replies":[{"embeddable":true,"href":"https:\/\/hablemosclarotdf.com.ar\/index.php?rest_route=%2Fwp%2Fv2%2Fcomments&post=24794"}],"version-history":[{"count":1,"href":"https:\/\/hablemosclarotdf.com.ar\/index.php?rest_route=\/wp\/v2\/posts\/24794\/revisions"}],"predecessor-version":[{"id":24796,"href":"https:\/\/hablemosclarotdf.com.ar\/index.php?rest_route=\/wp\/v2\/posts\/24794\/revisions\/24796"}],"wp:featuredmedia":[{"embeddable":true,"href":"https:\/\/hablemosclarotdf.com.ar\/index.php?rest_route=\/wp\/v2\/media\/24795"}],"wp:attachment":[{"href":"https:\/\/hablemosclarotdf.com.ar\/index.php?rest_route=%2Fwp%2Fv2%2Fmedia&parent=24794"}],"wp:term":[{"taxonomy":"category","embeddable":true,"href":"https:\/\/hablemosclarotdf.com.ar\/index.php?rest_route=%2Fwp%2Fv2%2Fcategories&post=24794"},{"taxonomy":"post_tag","embeddable":true,"href":"https:\/\/hablemosclarotdf.com.ar\/index.php?rest_route=%2Fwp%2Fv2%2Ftags&post=24794"}],"curies":[{"name":"wp","href":"https:\/\/api.w.org\/{rel}","templated":true}]}}