{"id":24783,"date":"2025-01-10T15:28:34","date_gmt":"2025-01-10T18:28:34","guid":{"rendered":"https:\/\/hablemosclarotdf.com.ar\/?p=24783"},"modified":"2025-01-10T15:28:34","modified_gmt":"2025-01-10T18:28:34","slug":"ushuaia-con-mas-de-150-inscriptos-comienza-el-primer-contingente-de-las-colonias-en-el-barrio-la-cantera-y-barrio-obrero","status":"publish","type":"post","link":"https:\/\/hablemosclarotdf.com.ar\/?p=24783","title":{"rendered":"USHUAIA : Con m\u00e1s de 150 inscriptos comienza el primer contingente de las colonias en el Barrio La Cantera y Barrio Obrero"},"content":{"rendered":"<p>El pr\u00f3ximo lunes 13 de enero se da un inicio al primer contingente de las colonias en el Polideportivo H\u00e9roes de Malvinas en el B\u00b0 La Cantera y en el Centro Comunitario del KYD, de la cual participar\u00e1n 150 ni\u00f1os y ni\u00f1as de edades entre 4 y 12 a\u00f1os.<\/p>\n<p>Esta iniciativa es fruto del trabajo conjunto entre la Secretar\u00eda de Pol\u00edticas Sociales, Sanitarias y Derechos Humanos, la Secretar\u00eda de Cultura y Educaci\u00f3n, en articulaci\u00f3n con la Secretar\u00eda de Ambiente y otras \u00e1reas del Municipio.<\/p>\n<p>Las colonias ofrecer\u00e1n una variedad de actividades, entre ellas: deportivas, culturales, recreativas, educativas y ambientales, dise\u00f1adas para promover la integraci\u00f3n social y la inclusi\u00f3n de los ni\u00f1os y ni\u00f1as.<\/p>\n<p>Lo Adem\u00e1s, se realizar\u00e1n actividades en las reservas naturales de la ciudad, con el objetivo de promover la valoraci\u00f3n del patrimonio natural y la conservaci\u00f3n ambiental entre las infancias.<\/p>\n<p>&#8220;Estamos emocionados de lanzar este proyecto de verano para el disfrute de los ni\u00f1os y ni\u00f1as de la ciudad, que buscan promover la integraci\u00f3n y la inclusi\u00f3n social, es fundamental garantizar el derecho al juego y la recreacion para las infancias&#8221;, afirm\u00f3 la Secretaria de Pol\u00edticas Sociales, Yanira Mart\u00ednez. &#8220;La gesti\u00f3n del Intendente Walter Vuoto ha sido fundamental para la implementaci\u00f3n de este proyecto, que busca promover el desarrollo integral de la sociedad y compartir el patrimonio paisaj\u00edstico, cultural e hist\u00f3rico de Ushuaia.<\/p>\n<p>La subsecretaria de Cultura, Vanina Ojeda, agreg\u00f3 que &#8220;celebramos con orgullo que, por segundo a\u00f1o consecutivo, los profesores de talleres culturales y trabajadores de distintas \u00e1reas de la Secretar\u00eda de Cultura y Educaci\u00f3n participen en la colonia de verano reflejando la decisi\u00f3n pol\u00edtica del Intendente Walter Vuoto que tiene un enfoque de fortalecimiento de nuestra cultura local e identidad fueguina. A trav\u00e9s de actividades como baile, m\u00fasica, ajedrez e historietas en estos dos puntos buscamos acercar las herramientas de la cultura popular y comunitaria que construye lazos y que es de todos y todas. Adem\u00e1s, los ni\u00f1os disfrutar\u00e1n de cine y exploraciones en la Casa Beban como B\u00fasqueda del Tesoro\u201d<\/p>\n<p>Cabe destacar que las colonias han sido planificadas junto a los estudiantes del Programa Arraigo 2025, que han trabajado para brindar una experiencia \u00fanica y enriquecedora para los ni\u00f1os y ni\u00f1as.<\/p>\n<p>Adem\u00e1s, se informa que la colonia del Cepla-Palomar tambi\u00e9n comienza el lunes 13 de enero y est\u00e1 destinada a adolescentes y j\u00f3venes entre 13 y 29 a\u00f1os.<\/p>\n<p>Si te interesa participar, el segundo contingente poder inscribirte de manera presencial del 13 al 17 de 9hs a 13hs en el centro comunitario de Victor Grosz en el B\u00b0 la cantera y en el SUM del KYD.<\/p>\n<p><img loading=\"lazy\" decoding=\"async\" class=\"alignnone size-medium wp-image-24785\" src=\"https:\/\/hablemosclarotdf.com.ar\/wp-content\/uploads\/2025\/01\/photo_2025-01-10_15-26-27-300x200.jpg\" alt=\"\" width=\"300\" height=\"200\" srcset=\"https:\/\/hablemosclarotdf.com.ar\/wp-content\/uploads\/2025\/01\/photo_2025-01-10_15-26-27-300x200.jpg 300w, https:\/\/hablemosclarotdf.com.ar\/wp-content\/uploads\/2025\/01\/photo_2025-01-10_15-26-27-1024x682.jpg 1024w, https:\/\/hablemosclarotdf.com.ar\/wp-content\/uploads\/2025\/01\/photo_2025-01-10_15-26-27-768x512.jpg 768w, https:\/\/hablemosclarotdf.com.ar\/wp-content\/uploads\/2025\/01\/photo_2025-01-10_15-26-27.jpg 1280w\" sizes=\"auto, (max-width: 300px) 100vw, 300px\" \/> <img loading=\"lazy\" decoding=\"async\" class=\"alignnone size-medium wp-image-24786\" src=\"https:\/\/hablemosclarotdf.com.ar\/wp-content\/uploads\/2025\/01\/photo_2025-01-10_15-26-31-300x200.jpg\" alt=\"\" width=\"300\" height=\"200\" srcset=\"https:\/\/hablemosclarotdf.com.ar\/wp-content\/uploads\/2025\/01\/photo_2025-01-10_15-26-31-300x200.jpg 300w, https:\/\/hablemosclarotdf.com.ar\/wp-content\/uploads\/2025\/01\/photo_2025-01-10_15-26-31-1024x682.jpg 1024w, https:\/\/hablemosclarotdf.com.ar\/wp-content\/uploads\/2025\/01\/photo_2025-01-10_15-26-31-768x512.jpg 768w, https:\/\/hablemosclarotdf.com.ar\/wp-content\/uploads\/2025\/01\/photo_2025-01-10_15-26-31.jpg 1280w\" sizes=\"auto, (max-width: 300px) 100vw, 300px\" \/> <img loading=\"lazy\" decoding=\"async\" class=\"alignnone size-medium wp-image-24787\" src=\"https:\/\/hablemosclarotdf.com.ar\/wp-content\/uploads\/2025\/01\/photo_2025-01-10_15-26-34-300x200.jpg\" alt=\"\" width=\"300\" height=\"200\" srcset=\"https:\/\/hablemosclarotdf.com.ar\/wp-content\/uploads\/2025\/01\/photo_2025-01-10_15-26-34-300x200.jpg 300w, https:\/\/hablemosclarotdf.com.ar\/wp-content\/uploads\/2025\/01\/photo_2025-01-10_15-26-34-1024x682.jpg 1024w, https:\/\/hablemosclarotdf.com.ar\/wp-content\/uploads\/2025\/01\/photo_2025-01-10_15-26-34-768x512.jpg 768w, https:\/\/hablemosclarotdf.com.ar\/wp-content\/uploads\/2025\/01\/photo_2025-01-10_15-26-34.jpg 1280w\" sizes=\"auto, (max-width: 300px) 100vw, 300px\" \/> <img loading=\"lazy\" decoding=\"async\" class=\"alignnone size-medium wp-image-24788\" src=\"https:\/\/hablemosclarotdf.com.ar\/wp-content\/uploads\/2025\/01\/photo_2025-01-10_15-26-38-300x200.jpg\" alt=\"\" width=\"300\" height=\"200\" srcset=\"https:\/\/hablemosclarotdf.com.ar\/wp-content\/uploads\/2025\/01\/photo_2025-01-10_15-26-38-300x200.jpg 300w, https:\/\/hablemosclarotdf.com.ar\/wp-content\/uploads\/2025\/01\/photo_2025-01-10_15-26-38-1024x682.jpg 1024w, https:\/\/hablemosclarotdf.com.ar\/wp-content\/uploads\/2025\/01\/photo_2025-01-10_15-26-38-768x512.jpg 768w, https:\/\/hablemosclarotdf.com.ar\/wp-content\/uploads\/2025\/01\/photo_2025-01-10_15-26-38.jpg 1280w\" sizes=\"auto, (max-width: 300px) 100vw, 300px\" \/> <img loading=\"lazy\" decoding=\"async\" class=\"alignnone size-medium wp-image-24789\" src=\"https:\/\/hablemosclarotdf.com.ar\/wp-content\/uploads\/2025\/01\/photo_2025-01-10_15-26-46-300x200.jpg\" alt=\"\" width=\"300\" height=\"200\" srcset=\"https:\/\/hablemosclarotdf.com.ar\/wp-content\/uploads\/2025\/01\/photo_2025-01-10_15-26-46-300x200.jpg 300w, https:\/\/hablemosclarotdf.com.ar\/wp-content\/uploads\/2025\/01\/photo_2025-01-10_15-26-46-1024x682.jpg 1024w, https:\/\/hablemosclarotdf.com.ar\/wp-content\/uploads\/2025\/01\/photo_2025-01-10_15-26-46-768x512.jpg 768w, https:\/\/hablemosclarotdf.com.ar\/wp-content\/uploads\/2025\/01\/photo_2025-01-10_15-26-46.jpg 1280w\" sizes=\"auto, (max-width: 300px) 100vw, 300px\" \/> <img loading=\"lazy\" decoding=\"async\" class=\"alignnone size-medium wp-image-24790\" src=\"https:\/\/hablemosclarotdf.com.ar\/wp-content\/uploads\/2025\/01\/photo_2025-01-10_15-26-57-300x210.jpg\" alt=\"\" width=\"300\" height=\"210\" srcset=\"https:\/\/hablemosclarotdf.com.ar\/wp-content\/uploads\/2025\/01\/photo_2025-01-10_15-26-57-300x210.jpg 300w, https:\/\/hablemosclarotdf.com.ar\/wp-content\/uploads\/2025\/01\/photo_2025-01-10_15-26-57-1024x717.jpg 1024w, https:\/\/hablemosclarotdf.com.ar\/wp-content\/uploads\/2025\/01\/photo_2025-01-10_15-26-57-768x538.jpg 768w, https:\/\/hablemosclarotdf.com.ar\/wp-content\/uploads\/2025\/01\/photo_2025-01-10_15-26-57.jpg 1149w\" sizes=\"auto, (max-width: 300px) 100vw, 300px\" \/> <img loading=\"lazy\" decoding=\"async\" class=\"alignnone size-medium wp-image-24791\" src=\"https:\/\/hablemosclarotdf.com.ar\/wp-content\/uploads\/2025\/01\/photo_2025-01-10_15-27-01-300x200.jpg\" alt=\"\" width=\"300\" height=\"200\" srcset=\"https:\/\/hablemosclarotdf.com.ar\/wp-content\/uploads\/2025\/01\/photo_2025-01-10_15-27-01-300x200.jpg 300w, https:\/\/hablemosclarotdf.com.ar\/wp-content\/uploads\/2025\/01\/photo_2025-01-10_15-27-01-1024x683.jpg 1024w, https:\/\/hablemosclarotdf.com.ar\/wp-content\/uploads\/2025\/01\/photo_2025-01-10_15-27-01-768x512.jpg 768w, https:\/\/hablemosclarotdf.com.ar\/wp-content\/uploads\/2025\/01\/photo_2025-01-10_15-27-01.jpg 1280w\" sizes=\"auto, (max-width: 300px) 100vw, 300px\" \/> <img loading=\"lazy\" decoding=\"async\" class=\"alignnone size-medium wp-image-24792\" src=\"https:\/\/hablemosclarotdf.com.ar\/wp-content\/uploads\/2025\/01\/photo_2025-01-10_15-27-05-300x200.jpg\" alt=\"\" width=\"300\" height=\"200\" srcset=\"https:\/\/hablemosclarotdf.com.ar\/wp-content\/uploads\/2025\/01\/photo_2025-01-10_15-27-05-300x200.jpg 300w, https:\/\/hablemosclarotdf.com.ar\/wp-content\/uploads\/2025\/01\/photo_2025-01-10_15-27-05-1024x682.jpg 1024w, https:\/\/hablemosclarotdf.com.ar\/wp-content\/uploads\/2025\/01\/photo_2025-01-10_15-27-05-768x512.jpg 768w, https:\/\/hablemosclarotdf.com.ar\/wp-content\/uploads\/2025\/01\/photo_2025-01-10_15-27-05.jpg 1280w\" sizes=\"auto, (max-width: 300px) 100vw, 300px\" \/><\/p>\n","protected":false},"excerpt":{"rendered":"<p>El pr\u00f3ximo lunes 13 de enero se da un inicio al primer contingente de las&#8230;<\/p>\n","protected":false},"author":1,"featured_media":24784,"comment_status":"closed","ping_status":"closed","sticky":false,"template":"","format":"standard","meta":{"footnotes":""},"categories":[3],"tags":[],"class_list":["post-24783","post","type-post","status-publish","format-standard","has-post-thumbnail","hentry","category-noticias"],"jetpack_featured_media_url":"https:\/\/hablemosclarotdf.com.ar\/wp-content\/uploads\/2025\/01\/photo_2025-01-10_15-26-24.jpg","_links":{"self":[{"href":"https:\/\/hablemosclarotdf.com.ar\/index.php?rest_route=\/wp\/v2\/posts\/24783","targetHints":{"allow":["GET"]}}],"collection":[{"href":"https:\/\/hablemosclarotdf.com.ar\/index.php?rest_route=\/wp\/v2\/posts"}],"about":[{"href":"https:\/\/hablemosclarotdf.com.ar\/index.php?rest_route=\/wp\/v2\/types\/post"}],"author":[{"embeddable":true,"href":"https:\/\/hablemosclarotdf.com.ar\/index.php?rest_route=\/wp\/v2\/users\/1"}],"replies":[{"embeddable":true,"href":"https:\/\/hablemosclarotdf.com.ar\/index.php?rest_route=%2Fwp%2Fv2%2Fcomments&post=24783"}],"version-history":[{"count":1,"href":"https:\/\/hablemosclarotdf.com.ar\/index.php?rest_route=\/wp\/v2\/posts\/24783\/revisions"}],"predecessor-version":[{"id":24793,"href":"https:\/\/hablemosclarotdf.com.ar\/index.php?rest_route=\/wp\/v2\/posts\/24783\/revisions\/24793"}],"wp:featuredmedia":[{"embeddable":true,"href":"https:\/\/hablemosclarotdf.com.ar\/index.php?rest_route=\/wp\/v2\/media\/24784"}],"wp:attachment":[{"href":"https:\/\/hablemosclarotdf.com.ar\/index.php?rest_route=%2Fwp%2Fv2%2Fmedia&parent=24783"}],"wp:term":[{"taxonomy":"category","embeddable":true,"href":"https:\/\/hablemosclarotdf.com.ar\/index.php?rest_route=%2Fwp%2Fv2%2Fcategories&post=24783"},{"taxonomy":"post_tag","embeddable":true,"href":"https:\/\/hablemosclarotdf.com.ar\/index.php?rest_route=%2Fwp%2Fv2%2Ftags&post=24783"}],"curies":[{"name":"wp","href":"https:\/\/api.w.org\/{rel}","templated":true}]}}