{"id":23484,"date":"2024-12-21T20:43:47","date_gmt":"2024-12-21T23:43:47","guid":{"rendered":"https:\/\/hablemosclarotdf.com.ar\/?p=23484"},"modified":"2024-12-21T20:43:47","modified_gmt":"2024-12-21T23:43:47","slug":"rio-grande-continuan-abiertas-las-inscripciones-para-acceder-a-las-becas-umet","status":"publish","type":"post","link":"https:\/\/hablemosclarotdf.com.ar\/?p=23484","title":{"rendered":"RIO GRANDE : CONTIN\u00daAN ABIERTAS LAS INSCRIPCIONES PARA ACCEDER A LAS BECAS UMET"},"content":{"rendered":"<p>Las inscripciones se llevan a cabo de manera presencial en la Direcci\u00f3n General de Educaci\u00f3n, ubicada en la sede de la Secretar\u00eda de G\u00e9nero y Desarrollo Comunitario (Perito Moreno 287) de 10 a 13 horas. El plazo de inscripci\u00f3n estar\u00e1 vigente hasta el 23 de marzo 2025, inclusive.<\/p>\n<p>A trav\u00e9s de este convenio firmado entre el Municipio de R\u00edo Grande y la Universidad Metropolitana para la Educaci\u00f3n y el Trabajo (UMEP), vecinos y vecinas pueden acceder a las carreras virtuales: Lic. en Educaci\u00f3n, Pol\u00edticas P\u00fablicas y Organizaciones del Campo pedag\u00f3gico (ciclo de complementaci\u00f3n curricular); Lic. en Pol\u00edticas P\u00fablicas y Gobierno; Lic. en Gesti\u00f3n Cultural y Tecnicatura en Gesti\u00f3n Ambiental, con un beneficio del 50% en la cuota mensual y la matr\u00edcula. Cabe resaltar que, el acceso a las becas ser\u00e1 gestionado mediante una carta aval expedida por el Municipio.<\/p>\n<p>Para tramitar la carta aval es necesario que los solicitantes asistan a la inscripci\u00f3n con fotocopia de frente y dorso del DNI, adem\u00e1s de fotocopia de certificado de estudios secundario (en caso de estar en tr\u00e1mite, presentar la constancia correspondiente).<\/p>\n<p>Para recibir m\u00e1s informaci\u00f3n se pueden comunicar con la Direcci\u00f3n de Educaci\u00f3n, a trav\u00e9s del correo electr\u00f3nico educaciopopularriogrande@gmail.com; al celular 2964-600599 o al tel\u00e9fono 436200, interno 7034\/7024.<\/p>\n<p>Por medio de estas acciones, el Municipio brinda a los y las riograndenses la posibilidad de continuar su formaci\u00f3n acad\u00e9mica a trav\u00e9s de diversas alternativas educativas.<\/p>\n","protected":false},"excerpt":{"rendered":"<p>Las inscripciones se llevan a cabo de manera presencial en la Direcci\u00f3n General de Educaci\u00f3n,&#8230;<\/p>\n","protected":false},"author":1,"featured_media":23485,"comment_status":"closed","ping_status":"closed","sticky":false,"template":"","format":"standard","meta":{"footnotes":""},"categories":[3],"tags":[],"class_list":["post-23484","post","type-post","status-publish","format-standard","has-post-thumbnail","hentry","category-noticias"],"jetpack_featured_media_url":"https:\/\/hablemosclarotdf.com.ar\/wp-content\/uploads\/2024\/12\/photo_2024-12-21_20-43-11.jpg","_links":{"self":[{"href":"https:\/\/hablemosclarotdf.com.ar\/index.php?rest_route=\/wp\/v2\/posts\/23484","targetHints":{"allow":["GET"]}}],"collection":[{"href":"https:\/\/hablemosclarotdf.com.ar\/index.php?rest_route=\/wp\/v2\/posts"}],"about":[{"href":"https:\/\/hablemosclarotdf.com.ar\/index.php?rest_route=\/wp\/v2\/types\/post"}],"author":[{"embeddable":true,"href":"https:\/\/hablemosclarotdf.com.ar\/index.php?rest_route=\/wp\/v2\/users\/1"}],"replies":[{"embeddable":true,"href":"https:\/\/hablemosclarotdf.com.ar\/index.php?rest_route=%2Fwp%2Fv2%2Fcomments&post=23484"}],"version-history":[{"count":1,"href":"https:\/\/hablemosclarotdf.com.ar\/index.php?rest_route=\/wp\/v2\/posts\/23484\/revisions"}],"predecessor-version":[{"id":23486,"href":"https:\/\/hablemosclarotdf.com.ar\/index.php?rest_route=\/wp\/v2\/posts\/23484\/revisions\/23486"}],"wp:featuredmedia":[{"embeddable":true,"href":"https:\/\/hablemosclarotdf.com.ar\/index.php?rest_route=\/wp\/v2\/media\/23485"}],"wp:attachment":[{"href":"https:\/\/hablemosclarotdf.com.ar\/index.php?rest_route=%2Fwp%2Fv2%2Fmedia&parent=23484"}],"wp:term":[{"taxonomy":"category","embeddable":true,"href":"https:\/\/hablemosclarotdf.com.ar\/index.php?rest_route=%2Fwp%2Fv2%2Fcategories&post=23484"},{"taxonomy":"post_tag","embeddable":true,"href":"https:\/\/hablemosclarotdf.com.ar\/index.php?rest_route=%2Fwp%2Fv2%2Ftags&post=23484"}],"curies":[{"name":"wp","href":"https:\/\/api.w.org\/{rel}","templated":true}]}}