{"id":18408,"date":"2024-11-12T12:30:09","date_gmt":"2024-11-12T15:30:09","guid":{"rendered":"https:\/\/hablemosclarotdf.com.ar\/?p=18408"},"modified":"2024-11-12T12:30:09","modified_gmt":"2024-11-12T15:30:09","slug":"rio-grande-participo-de-un-encuentro-interinstitucional-por-invasion-de-pilosella-en-campos-productivos","status":"publish","type":"post","link":"https:\/\/hablemosclarotdf.com.ar\/?p=18408","title":{"rendered":"RIO GRANDE PARTICIP\u00d3 DE UN ENCUENTRO INTERINSTITUCIONAL POR INVASI\u00d3N DE PILOSELLA EN CAMPOS PRODUCTIVOS"},"content":{"rendered":"<p>En Estancia Sara se llev\u00f3 a cabo una reuni\u00f3n de productores locales, estancieros, due\u00f1os de campos, representantes de INTA, autoridades provinciales y municipales, quienes abordaron la creciente preocupaci\u00f3n por el avance de la planta invasora Pilosella.<\/p>\n<p>Invitado por la Empresa Tecnomyl, el Municipio de R\u00edo Grande -representado por el subsecretario de Desarrollo Productivo, Facundo Armas- fue parte de este importante encuentro en Estancia Sara. Se hicieron presentes: productores locales, estancieros, propietarios de campos, autoridades provinciales y representantes del INTA.<\/p>\n<p>Tambi\u00e9n participaron ingenieros agr\u00f3nomos de la empresa Tecnomyl, quienes compartieron estrategias para el control y manejo de esta planta invasora.<\/p>\n<p>Durante el encuentro abordaron con gran preocupaci\u00f3n la presencia de la planta invasora Pilosella en los campos de provincia y su impacto en el ecosistema y la actividad productiva.<\/p>\n<p>Al respecto, el subsecretario de Desarrollo Productivo, Facundo Armas, destac\u00f3 &#8220;la importancia de que el sector privado nos haya convocado a participar, entendiendo lo fundamental que es la articulaci\u00f3n p\u00fablica-privada en el tratamiento de estos temas&#8221;. En tanto agreg\u00f3 que &#8220;la invasi\u00f3n de pilosella es una problem\u00e1tica que hoy nos atraviesa a la provincia, es por ello que nos reunimos los representantes de los distintos sectores para tratar de contrarrestar esta situaci\u00f3n\u201d.<\/p>\n<p>El funcionario sostuvo que &#8220;hay una gran preocupaci\u00f3n por las consecuencias de la invasi\u00f3n de maleza, que afecta no s\u00f3lo a los campos productivos sino tambi\u00e9n a la flora y fauna local&#8221;.<\/p>\n<p>Por \u00faltimo, Armas reafirm\u00f3 &#8220;el compromiso del Municipio de R\u00edo Grande en la b\u00fasqueda de soluciones para colaborar interinstitucional y enfrentar de manera conjunta los problemas que afectan a nuestra producci\u00f3n\u201d.<\/p>\n<p><img loading=\"lazy\" decoding=\"async\" class=\"alignnone size-medium wp-image-18410\" src=\"https:\/\/hablemosclarotdf.com.ar\/wp-content\/uploads\/2024\/11\/photo_2024-11-12_12-29-05-300x225.jpg\" alt=\"\" width=\"300\" height=\"225\" srcset=\"https:\/\/hablemosclarotdf.com.ar\/wp-content\/uploads\/2024\/11\/photo_2024-11-12_12-29-05-300x225.jpg 300w, https:\/\/hablemosclarotdf.com.ar\/wp-content\/uploads\/2024\/11\/photo_2024-11-12_12-29-05.jpg 709w\" sizes=\"auto, (max-width: 300px) 100vw, 300px\" \/> <img loading=\"lazy\" decoding=\"async\" class=\"alignnone size-medium wp-image-18411\" src=\"https:\/\/hablemosclarotdf.com.ar\/wp-content\/uploads\/2024\/11\/photo_2024-11-12_12-29-10-300x225.jpg\" alt=\"\" width=\"300\" height=\"225\" srcset=\"https:\/\/hablemosclarotdf.com.ar\/wp-content\/uploads\/2024\/11\/photo_2024-11-12_12-29-10-300x225.jpg 300w, https:\/\/hablemosclarotdf.com.ar\/wp-content\/uploads\/2024\/11\/photo_2024-11-12_12-29-10-768x576.jpg 768w, https:\/\/hablemosclarotdf.com.ar\/wp-content\/uploads\/2024\/11\/photo_2024-11-12_12-29-10.jpg 815w\" sizes=\"auto, (max-width: 300px) 100vw, 300px\" \/><\/p>\n","protected":false},"excerpt":{"rendered":"<p>En Estancia Sara se llev\u00f3 a cabo una reuni\u00f3n de productores locales, estancieros, due\u00f1os de&#8230;<\/p>\n","protected":false},"author":1,"featured_media":18409,"comment_status":"closed","ping_status":"closed","sticky":false,"template":"","format":"standard","meta":{"footnotes":""},"categories":[3],"tags":[],"class_list":["post-18408","post","type-post","status-publish","format-standard","has-post-thumbnail","hentry","category-noticias"],"jetpack_featured_media_url":"https:\/\/hablemosclarotdf.com.ar\/wp-content\/uploads\/2024\/11\/photo_2024-11-12_12-28-58.jpg","_links":{"self":[{"href":"https:\/\/hablemosclarotdf.com.ar\/index.php?rest_route=\/wp\/v2\/posts\/18408","targetHints":{"allow":["GET"]}}],"collection":[{"href":"https:\/\/hablemosclarotdf.com.ar\/index.php?rest_route=\/wp\/v2\/posts"}],"about":[{"href":"https:\/\/hablemosclarotdf.com.ar\/index.php?rest_route=\/wp\/v2\/types\/post"}],"author":[{"embeddable":true,"href":"https:\/\/hablemosclarotdf.com.ar\/index.php?rest_route=\/wp\/v2\/users\/1"}],"replies":[{"embeddable":true,"href":"https:\/\/hablemosclarotdf.com.ar\/index.php?rest_route=%2Fwp%2Fv2%2Fcomments&post=18408"}],"version-history":[{"count":1,"href":"https:\/\/hablemosclarotdf.com.ar\/index.php?rest_route=\/wp\/v2\/posts\/18408\/revisions"}],"predecessor-version":[{"id":18412,"href":"https:\/\/hablemosclarotdf.com.ar\/index.php?rest_route=\/wp\/v2\/posts\/18408\/revisions\/18412"}],"wp:featuredmedia":[{"embeddable":true,"href":"https:\/\/hablemosclarotdf.com.ar\/index.php?rest_route=\/wp\/v2\/media\/18409"}],"wp:attachment":[{"href":"https:\/\/hablemosclarotdf.com.ar\/index.php?rest_route=%2Fwp%2Fv2%2Fmedia&parent=18408"}],"wp:term":[{"taxonomy":"category","embeddable":true,"href":"https:\/\/hablemosclarotdf.com.ar\/index.php?rest_route=%2Fwp%2Fv2%2Fcategories&post=18408"},{"taxonomy":"post_tag","embeddable":true,"href":"https:\/\/hablemosclarotdf.com.ar\/index.php?rest_route=%2Fwp%2Fv2%2Ftags&post=18408"}],"curies":[{"name":"wp","href":"https:\/\/api.w.org\/{rel}","templated":true}]}}