{"id":17616,"date":"2024-11-06T09:34:03","date_gmt":"2024-11-06T12:34:03","guid":{"rendered":"https:\/\/hablemosclarotdf.com.ar\/?p=17616"},"modified":"2024-11-06T09:34:03","modified_gmt":"2024-11-06T12:34:03","slug":"este-sabado-tendra-lugar-la-tercera-expo-pyme-fueguina-en-tolhuin","status":"publish","type":"post","link":"https:\/\/hablemosclarotdf.com.ar\/?p=17616","title":{"rendered":"ESTE S\u00c1BADO TENDR\u00c1 LUGAR LA TERCERA EXPO PYME FUEGUINA EN TOLHUIN"},"content":{"rendered":"<p>M\u00e1s de 70 empresas y productores de distintos sectores productivos y de servicios, as\u00ed como instituciones cient\u00edficas, financieras, de extensi\u00f3n y formaci\u00f3n, estar\u00e1n presentes en la 3\u00b0 edici\u00f3n de la Expo PyME que se llevar\u00e1 adelante el pr\u00f3ximo s\u00e1bado 9 de noviembre de 16 a 21 horas en la Escuela Provincial \u201cTrejo Noel\u201d de la ciudad de Tolhuin.<\/p>\n<p>El evento se enmarca en las acciones que lleva adelante el Ministerio de Producci\u00f3n y Ambiente para el fortalecimiento de las PyMEs de la Provincia.<\/p>\n<p>Esta ser\u00e1 una ocasi\u00f3n para dar a conocer los emprendimientos en su entorno local, visibilizar a las distintas cadenas de valor provinciales, generar espacios de vinculaci\u00f3n entre emprendimientos y empresas de diferentes sectores econ\u00f3micos, propiciar encuentros comerciales, difundir conocimientos asociados al desarrollo y fortalecimiento de las actividades productivas, as\u00ed como distintas acciones y programas en beneficio de las PyMEs en Tierra del Fuego.<\/p>\n<p>La Expo ser\u00e1 abierta al p\u00fablico general. Se invita a la comunidad a conocer a las PyMEs fueguinas con productos de alto valor agregado y servicios de alta calidad.<\/p>\n<p><img loading=\"lazy\" decoding=\"async\" class=\"alignnone size-medium wp-image-17618\" src=\"https:\/\/hablemosclarotdf.com.ar\/wp-content\/uploads\/2024\/11\/photo_2024-11-06_09-33-01-300x200.jpg\" alt=\"\" width=\"300\" height=\"200\" srcset=\"https:\/\/hablemosclarotdf.com.ar\/wp-content\/uploads\/2024\/11\/photo_2024-11-06_09-33-01-300x200.jpg 300w, https:\/\/hablemosclarotdf.com.ar\/wp-content\/uploads\/2024\/11\/photo_2024-11-06_09-33-01-1024x682.jpg 1024w, https:\/\/hablemosclarotdf.com.ar\/wp-content\/uploads\/2024\/11\/photo_2024-11-06_09-33-01-768x511.jpg 768w, https:\/\/hablemosclarotdf.com.ar\/wp-content\/uploads\/2024\/11\/photo_2024-11-06_09-33-01.jpg 1280w\" sizes=\"auto, (max-width: 300px) 100vw, 300px\" \/> <img loading=\"lazy\" decoding=\"async\" class=\"alignnone size-medium wp-image-17619\" src=\"https:\/\/hablemosclarotdf.com.ar\/wp-content\/uploads\/2024\/11\/photo_2024-11-06_09-33-05-300x200.jpg\" alt=\"\" width=\"300\" height=\"200\" srcset=\"https:\/\/hablemosclarotdf.com.ar\/wp-content\/uploads\/2024\/11\/photo_2024-11-06_09-33-05-300x200.jpg 300w, https:\/\/hablemosclarotdf.com.ar\/wp-content\/uploads\/2024\/11\/photo_2024-11-06_09-33-05-1024x682.jpg 1024w, https:\/\/hablemosclarotdf.com.ar\/wp-content\/uploads\/2024\/11\/photo_2024-11-06_09-33-05-768x511.jpg 768w, https:\/\/hablemosclarotdf.com.ar\/wp-content\/uploads\/2024\/11\/photo_2024-11-06_09-33-05.jpg 1280w\" sizes=\"auto, (max-width: 300px) 100vw, 300px\" \/> <img loading=\"lazy\" decoding=\"async\" class=\"alignnone size-medium wp-image-17620\" src=\"https:\/\/hablemosclarotdf.com.ar\/wp-content\/uploads\/2024\/11\/photo_2024-11-06_09-33-09-300x200.jpg\" alt=\"\" width=\"300\" height=\"200\" srcset=\"https:\/\/hablemosclarotdf.com.ar\/wp-content\/uploads\/2024\/11\/photo_2024-11-06_09-33-09-300x200.jpg 300w, https:\/\/hablemosclarotdf.com.ar\/wp-content\/uploads\/2024\/11\/photo_2024-11-06_09-33-09-1024x682.jpg 1024w, https:\/\/hablemosclarotdf.com.ar\/wp-content\/uploads\/2024\/11\/photo_2024-11-06_09-33-09-768x511.jpg 768w, https:\/\/hablemosclarotdf.com.ar\/wp-content\/uploads\/2024\/11\/photo_2024-11-06_09-33-09.jpg 1280w\" sizes=\"auto, (max-width: 300px) 100vw, 300px\" \/><\/p>\n","protected":false},"excerpt":{"rendered":"<p>M\u00e1s de 70 empresas y productores de distintos sectores productivos y de servicios, as\u00ed como&#8230;<\/p>\n","protected":false},"author":1,"featured_media":17617,"comment_status":"closed","ping_status":"closed","sticky":false,"template":"","format":"standard","meta":{"footnotes":""},"categories":[3],"tags":[],"class_list":["post-17616","post","type-post","status-publish","format-standard","has-post-thumbnail","hentry","category-noticias"],"jetpack_featured_media_url":"https:\/\/hablemosclarotdf.com.ar\/wp-content\/uploads\/2024\/11\/photo_2024-11-06_09-32-52.jpg","_links":{"self":[{"href":"https:\/\/hablemosclarotdf.com.ar\/index.php?rest_route=\/wp\/v2\/posts\/17616","targetHints":{"allow":["GET"]}}],"collection":[{"href":"https:\/\/hablemosclarotdf.com.ar\/index.php?rest_route=\/wp\/v2\/posts"}],"about":[{"href":"https:\/\/hablemosclarotdf.com.ar\/index.php?rest_route=\/wp\/v2\/types\/post"}],"author":[{"embeddable":true,"href":"https:\/\/hablemosclarotdf.com.ar\/index.php?rest_route=\/wp\/v2\/users\/1"}],"replies":[{"embeddable":true,"href":"https:\/\/hablemosclarotdf.com.ar\/index.php?rest_route=%2Fwp%2Fv2%2Fcomments&post=17616"}],"version-history":[{"count":1,"href":"https:\/\/hablemosclarotdf.com.ar\/index.php?rest_route=\/wp\/v2\/posts\/17616\/revisions"}],"predecessor-version":[{"id":17621,"href":"https:\/\/hablemosclarotdf.com.ar\/index.php?rest_route=\/wp\/v2\/posts\/17616\/revisions\/17621"}],"wp:featuredmedia":[{"embeddable":true,"href":"https:\/\/hablemosclarotdf.com.ar\/index.php?rest_route=\/wp\/v2\/media\/17617"}],"wp:attachment":[{"href":"https:\/\/hablemosclarotdf.com.ar\/index.php?rest_route=%2Fwp%2Fv2%2Fmedia&parent=17616"}],"wp:term":[{"taxonomy":"category","embeddable":true,"href":"https:\/\/hablemosclarotdf.com.ar\/index.php?rest_route=%2Fwp%2Fv2%2Fcategories&post=17616"},{"taxonomy":"post_tag","embeddable":true,"href":"https:\/\/hablemosclarotdf.com.ar\/index.php?rest_route=%2Fwp%2Fv2%2Ftags&post=17616"}],"curies":[{"name":"wp","href":"https:\/\/api.w.org\/{rel}","templated":true}]}}