{"id":16988,"date":"2024-10-31T17:52:56","date_gmt":"2024-10-31T20:52:56","guid":{"rendered":"https:\/\/hablemosclarotdf.com.ar\/?p=16988"},"modified":"2024-10-31T17:52:56","modified_gmt":"2024-10-31T20:52:56","slug":"el-programa-orquestas-y-coros-afianza-sus-propuestas-en-la-provincia","status":"publish","type":"post","link":"https:\/\/hablemosclarotdf.com.ar\/?p=16988","title":{"rendered":"EL PROGRAMA ORQUESTAS Y COROS AFIANZA SUS PROPUESTAS EN LA PROVINCIA"},"content":{"rendered":"<p>El Ministerio de Educaci\u00f3n de la provincia de Tierra del Fuego, AeIAS, a trav\u00e9s de la Secretar\u00eda de Pol\u00edticas de Inclusi\u00f3n lleva adelante el Programa Orquestas y Coros Infantiles y Juveniles de la provincia, una acci\u00f3n que se origin\u00f3 a partir de una pol\u00edtica federal que hoy la provincia mantiene por su importancia vincular entre los estudiantes, las familias y la escuela.<\/p>\n<p>Estas propuestas tienen como fin la inclusi\u00f3n y revinculaci\u00f3n educativa entre las y los estudiantes y la escuela, quienes a trav\u00e9s de la m\u00fasica pueden fortalecer sus trayectorias educativas, incluyendo otros recorridos complementarios para la apropiaci\u00f3n de conocimientos para la ampliaci\u00f3n de los universos culturales de ni\u00f1as y ni\u00f1os.<\/p>\n<p>En la ciudad de Tolhuin se encuentra establecido el ensamble de percusi\u00f3n \u201cLatido Austral\u201d en el Centro Cultural \u201cLola Kiepja\u201d los martes y jueves de 19:00 a 20:30 horas y los s\u00e1bados 11:00 a 13:00 horas. Est\u00e1 dirigido a ni\u00f1os y adolescentes de 9 a 15 a\u00f1os que est\u00e9n interesados a aprender a percutir instrumentos.<\/p>\n<p>En la ciudad de Ushuaia se desarrolla el Coro infantil, destinado a ni\u00f1as y ni\u00f1os de 7 a 12 a\u00f1os, en instalaciones de la Escuela Provincial N\u00b039 (Pionero Fueguino 4349) los d\u00edas mi\u00e9rcoles y viernes de 18:30 a 20:00 horas y los s\u00e1bados de 11:30 a 13:00 horas. Asimismo se desarrolla el Ensamble de Cuerdas en la ciudad capital en instalaciones del Colegio Provincial &#8220;Los Andes&#8221;, para chicas y chicos de 13 y 14 a\u00f1os. Viol\u00edn se desarrolla los lunes y mi\u00e9rcoles, Contrabajo los martes y viernes y Lenguaje Musical los d\u00edas jueves, todas ellas de 18:30 a 20:00 horas. En tanto, los ensayos generales los desarrollan los d\u00edas s\u00e1bados de 11 a 13 horas.<\/p>\n<p>En R\u00edo Grande, el Coro Infantil \u201cAkainik\u201d est\u00e1 destinado a ni\u00f1as y ni\u00f1os de 9 a 12 a\u00f1os y se desarrolla en la Escuela Provincial N\u00b032 (Prefectura Naval 1000) los d\u00edas martes y jueves 18:30 a 20:00 horas y los s\u00e1bados de 15:00 a 17:00 horas. Para j\u00f3venes de 13 a 18 a\u00f1os, se desarrolla el \u201cCoro Remate de Voces\u201d en el Colegio Provincial Haspen (Jos\u00e9 Ingenieros 950), los d\u00edas lunes y mi\u00e9rcoles de 18:30 a 20:00 horas y los s\u00e1bado: 11:00 a 13:00 horas. La Big band \u201cFuego Jazz\u201d realiza sus pr\u00e1cticas en el Colegio \u201cAlicia Moreau de Justo\u201d y est\u00e1 destinado a j\u00f3venes de 12 a 18 a\u00f1os, de lunes a viernes de 18:30 a 19:30 horas y los s\u00e1bados de 11:45 a 13:45 horas. Por \u00faltimo se lleva adelante la propuesta de la Orquesta \u201cToluken\u201d en la Escuela Provincial N\u00b043 (Oroski &amp; Yourka) destinada a j\u00f3venes de 11 a 17 horas, de lunes a viernes de 18:50 a 19:50 horas y los s\u00e1bados 15:00 a 17:30 horas.<\/p>\n<p>En las clases no s\u00f3lo se aprenden las t\u00e9cnicas de cada actividad, sino tambi\u00e9n a tener un sentido de pertenencia con la m\u00fasica y as\u00ed desarrollar habilidades musicales, donde a trav\u00e9s del equipo docente podr\u00e1n descubrir y experimentar nuevos ritmos, en un espacio divertido para aprender y divertirse con amigos.<\/p>\n<p>Para poder inscribirse pueden acercarse a los d\u00edas y horas mencionadas de cada propuesta o por el correo electr\u00f3nico orquestasycoros@tdf.edu.ar<\/p>\n<p><img loading=\"lazy\" decoding=\"async\" class=\"alignnone size-medium wp-image-16990\" src=\"https:\/\/hablemosclarotdf.com.ar\/wp-content\/uploads\/2024\/10\/photo_2024-10-31_17-51-48-300x200.jpg\" alt=\"\" width=\"300\" height=\"200\" srcset=\"https:\/\/hablemosclarotdf.com.ar\/wp-content\/uploads\/2024\/10\/photo_2024-10-31_17-51-48-300x200.jpg 300w, https:\/\/hablemosclarotdf.com.ar\/wp-content\/uploads\/2024\/10\/photo_2024-10-31_17-51-48-1024x682.jpg 1024w, https:\/\/hablemosclarotdf.com.ar\/wp-content\/uploads\/2024\/10\/photo_2024-10-31_17-51-48-768x512.jpg 768w, https:\/\/hablemosclarotdf.com.ar\/wp-content\/uploads\/2024\/10\/photo_2024-10-31_17-51-48.jpg 1280w\" sizes=\"auto, (max-width: 300px) 100vw, 300px\" \/> <img loading=\"lazy\" decoding=\"async\" class=\"alignnone size-medium wp-image-16991\" src=\"https:\/\/hablemosclarotdf.com.ar\/wp-content\/uploads\/2024\/10\/photo_2024-10-31_17-51-52-300x200.jpg\" alt=\"\" width=\"300\" height=\"200\" srcset=\"https:\/\/hablemosclarotdf.com.ar\/wp-content\/uploads\/2024\/10\/photo_2024-10-31_17-51-52-300x200.jpg 300w, https:\/\/hablemosclarotdf.com.ar\/wp-content\/uploads\/2024\/10\/photo_2024-10-31_17-51-52-1024x682.jpg 1024w, https:\/\/hablemosclarotdf.com.ar\/wp-content\/uploads\/2024\/10\/photo_2024-10-31_17-51-52-768x512.jpg 768w, https:\/\/hablemosclarotdf.com.ar\/wp-content\/uploads\/2024\/10\/photo_2024-10-31_17-51-52.jpg 1280w\" sizes=\"auto, (max-width: 300px) 100vw, 300px\" \/><\/p>\n","protected":false},"excerpt":{"rendered":"<p>El Ministerio de Educaci\u00f3n de la provincia de Tierra del Fuego, AeIAS, a trav\u00e9s de&#8230;<\/p>\n","protected":false},"author":1,"featured_media":16989,"comment_status":"closed","ping_status":"closed","sticky":false,"template":"","format":"standard","meta":{"footnotes":""},"categories":[3],"tags":[],"class_list":["post-16988","post","type-post","status-publish","format-standard","has-post-thumbnail","hentry","category-noticias"],"jetpack_featured_media_url":"https:\/\/hablemosclarotdf.com.ar\/wp-content\/uploads\/2024\/10\/photo_2024-10-31_17-51-42.jpg","_links":{"self":[{"href":"https:\/\/hablemosclarotdf.com.ar\/index.php?rest_route=\/wp\/v2\/posts\/16988","targetHints":{"allow":["GET"]}}],"collection":[{"href":"https:\/\/hablemosclarotdf.com.ar\/index.php?rest_route=\/wp\/v2\/posts"}],"about":[{"href":"https:\/\/hablemosclarotdf.com.ar\/index.php?rest_route=\/wp\/v2\/types\/post"}],"author":[{"embeddable":true,"href":"https:\/\/hablemosclarotdf.com.ar\/index.php?rest_route=\/wp\/v2\/users\/1"}],"replies":[{"embeddable":true,"href":"https:\/\/hablemosclarotdf.com.ar\/index.php?rest_route=%2Fwp%2Fv2%2Fcomments&post=16988"}],"version-history":[{"count":1,"href":"https:\/\/hablemosclarotdf.com.ar\/index.php?rest_route=\/wp\/v2\/posts\/16988\/revisions"}],"predecessor-version":[{"id":16992,"href":"https:\/\/hablemosclarotdf.com.ar\/index.php?rest_route=\/wp\/v2\/posts\/16988\/revisions\/16992"}],"wp:featuredmedia":[{"embeddable":true,"href":"https:\/\/hablemosclarotdf.com.ar\/index.php?rest_route=\/wp\/v2\/media\/16989"}],"wp:attachment":[{"href":"https:\/\/hablemosclarotdf.com.ar\/index.php?rest_route=%2Fwp%2Fv2%2Fmedia&parent=16988"}],"wp:term":[{"taxonomy":"category","embeddable":true,"href":"https:\/\/hablemosclarotdf.com.ar\/index.php?rest_route=%2Fwp%2Fv2%2Fcategories&post=16988"},{"taxonomy":"post_tag","embeddable":true,"href":"https:\/\/hablemosclarotdf.com.ar\/index.php?rest_route=%2Fwp%2Fv2%2Ftags&post=16988"}],"curies":[{"name":"wp","href":"https:\/\/api.w.org\/{rel}","templated":true}]}}