{"id":16969,"date":"2024-10-31T17:42:23","date_gmt":"2024-10-31T20:42:23","guid":{"rendered":"https:\/\/hablemosclarotdf.com.ar\/?p=16969"},"modified":"2024-10-31T17:42:23","modified_gmt":"2024-10-31T20:42:23","slug":"ushuaia-se-realizara-expo-ushuaia-ciudad-segura-pensada-para-vecinos-y-vecinas","status":"publish","type":"post","link":"https:\/\/hablemosclarotdf.com.ar\/?p=16969","title":{"rendered":"USHUAIA : SE REALIZAR\u00c1 EXPO \u201cUSHUAIA CIUDAD SEGURA\u201d PENSADA PARA VECINOS Y VECINAS"},"content":{"rendered":"<p>La Municipalidad de Ushuaia a trav\u00e9s de la Secretar\u00eda de Gobierno realizar\u00e1 la Primera Expo \u201cUshuaia Ciudad Segura\u201d, con el objetivo de acercar a los vecinos y vecinas instancias de pr\u00e1cticas y tecnolog\u00edas para garantizar entornos m\u00e1s seguros en el \u00e1mbito municipal y privado.<br \/>\nEl encuentro tendr\u00e1 lugar en las instalaciones del Microestadio Cochocho Vargas, el mi\u00e9rcoles 13 y jueves 14, en el horario de 10 a 18 horas. All\u00ed, se prev\u00e9 la realizaci\u00f3n de talleres interactivos, exhibiciones, y demostraciones que permitir\u00e1n a los vecinos conocer las mejores pr\u00e1cticas que facilitar\u00e1n avanzar en el acceso a una ciudad m\u00e1s segura.<br \/>\nEn ese sentido, la Expo \u201cUshuaia Ciudad Segura\u201d tendr\u00e1 tres ejes; Seguridad Vial, entendiendo que es fundamental prevenir siniestros y garantizar la protecci\u00f3n de todos los usuarios como peatones, ciclistas, motociclistas y conductores. La formaci\u00f3n en normas de tr\u00e1nsito, derechos y deberes de los usuarios, como un desarrollo de cultura vial responsable.<br \/>\nEl segundo eje es Seguridad Alimentaria, la cual incluye las buenas pr\u00e1cticas para garantizar que los alimentos sean seguros, nutritivos y aptos para el consumo humano. Esto, ayudar\u00e1 a proteger a los consumidores, garantizar alimentos seguros y reducir el riesgo de brotes de enfermedades alimentarias, promoviendo una salud p\u00fablica s\u00f3lida y un sistema alimentario sostenible.<br \/>\nY el tercer eje estar\u00e1 centrado en prevenci\u00f3n, a trav\u00e9s del trabajo articulado de Defensa Civil Municipal con las diferentes fuerzas y servicios de emergencia. Referido a la labor diaria para proteger a la poblaci\u00f3n y sus bienes, en situaciones de emergencias, como as\u00ed tambi\u00e9n promover la prevenci\u00f3n y preparaci\u00f3n ante siniestros o desastres naturales.<\/p>\n","protected":false},"excerpt":{"rendered":"<p>La Municipalidad de Ushuaia a trav\u00e9s de la Secretar\u00eda de Gobierno realizar\u00e1 la Primera Expo&#8230;<\/p>\n","protected":false},"author":1,"featured_media":16970,"comment_status":"closed","ping_status":"closed","sticky":false,"template":"","format":"standard","meta":{"footnotes":""},"categories":[3],"tags":[],"class_list":["post-16969","post","type-post","status-publish","format-standard","has-post-thumbnail","hentry","category-noticias"],"jetpack_featured_media_url":"https:\/\/hablemosclarotdf.com.ar\/wp-content\/uploads\/2024\/10\/photo_2024-10-31_17-41-50.jpg","_links":{"self":[{"href":"https:\/\/hablemosclarotdf.com.ar\/index.php?rest_route=\/wp\/v2\/posts\/16969","targetHints":{"allow":["GET"]}}],"collection":[{"href":"https:\/\/hablemosclarotdf.com.ar\/index.php?rest_route=\/wp\/v2\/posts"}],"about":[{"href":"https:\/\/hablemosclarotdf.com.ar\/index.php?rest_route=\/wp\/v2\/types\/post"}],"author":[{"embeddable":true,"href":"https:\/\/hablemosclarotdf.com.ar\/index.php?rest_route=\/wp\/v2\/users\/1"}],"replies":[{"embeddable":true,"href":"https:\/\/hablemosclarotdf.com.ar\/index.php?rest_route=%2Fwp%2Fv2%2Fcomments&post=16969"}],"version-history":[{"count":1,"href":"https:\/\/hablemosclarotdf.com.ar\/index.php?rest_route=\/wp\/v2\/posts\/16969\/revisions"}],"predecessor-version":[{"id":16971,"href":"https:\/\/hablemosclarotdf.com.ar\/index.php?rest_route=\/wp\/v2\/posts\/16969\/revisions\/16971"}],"wp:featuredmedia":[{"embeddable":true,"href":"https:\/\/hablemosclarotdf.com.ar\/index.php?rest_route=\/wp\/v2\/media\/16970"}],"wp:attachment":[{"href":"https:\/\/hablemosclarotdf.com.ar\/index.php?rest_route=%2Fwp%2Fv2%2Fmedia&parent=16969"}],"wp:term":[{"taxonomy":"category","embeddable":true,"href":"https:\/\/hablemosclarotdf.com.ar\/index.php?rest_route=%2Fwp%2Fv2%2Fcategories&post=16969"},{"taxonomy":"post_tag","embeddable":true,"href":"https:\/\/hablemosclarotdf.com.ar\/index.php?rest_route=%2Fwp%2Fv2%2Ftags&post=16969"}],"curies":[{"name":"wp","href":"https:\/\/api.w.org\/{rel}","templated":true}]}}