{"id":16930,"date":"2024-10-31T13:46:33","date_gmt":"2024-10-31T16:46:33","guid":{"rendered":"https:\/\/hablemosclarotdf.com.ar\/?p=16930"},"modified":"2024-10-31T13:46:33","modified_gmt":"2024-10-31T16:46:33","slug":"rio-grande-se-llevara-adelante-una-nueva-jornada-de-castracion-para-caninos","status":"publish","type":"post","link":"https:\/\/hablemosclarotdf.com.ar\/?p=16930","title":{"rendered":"RIO GRANDE : SE LLEVAR\u00c1 ADELANTE UNA NUEVA JORNADA DE CASTRACI\u00d3N PARA CANINOS"},"content":{"rendered":"<p>A trav\u00e9s de esta pol\u00edtica p\u00fablica, el Municipio busca atender la problem\u00e1tica de sobrepoblaci\u00f3n canina. R\u00edo Grande se proyecta como una ciudad mascotera, responsable con los animales y su entorno.<\/p>\n<p>La Direcci\u00f3n de Servicios Veterinarios, dependiente de la Secretar\u00eda de Gesti\u00f3n Ciudadana, informa a la comunidad que se realizar\u00e1 una nueva jornada de castraci\u00f3n destinada \u00fanicamente a caninos. Ser\u00e1 este s\u00e1bado 2 de noviembre desde las 9 hasta las 14 horas, por orden de llegada, en el CCM Malvinas Argentinas (Cabo Pe\u00f1a 562).<\/p>\n<p>Los canes deber\u00e1n asistir con bozal y acompa\u00f1ados por su cuidador mayor de 18 a\u00f1os. Deber\u00e1n tener entre 6 meses y 6 a\u00f1os; no tienen que estar lactando, y haber transcurrido un per\u00edodo de dos meses tanto del parto como del \u00faltimo celo. Es indispensable que los perros asistan con un ayuno de 12 horas de l\u00edquidos y s\u00f3lidos.<\/p>\n<p>De esta forma, el Municipio acerca diversos servicios a la comunidad para seguir trabajando por una R\u00edo Grande mascotera y responsable.<\/p>\n<p><img loading=\"lazy\" decoding=\"async\" class=\"alignnone size-medium wp-image-16932\" src=\"https:\/\/hablemosclarotdf.com.ar\/wp-content\/uploads\/2024\/10\/photo_2024-10-31_13-45-39-300x200.jpg\" alt=\"\" width=\"300\" height=\"200\" srcset=\"https:\/\/hablemosclarotdf.com.ar\/wp-content\/uploads\/2024\/10\/photo_2024-10-31_13-45-39-300x200.jpg 300w, https:\/\/hablemosclarotdf.com.ar\/wp-content\/uploads\/2024\/10\/photo_2024-10-31_13-45-39-1024x683.jpg 1024w, https:\/\/hablemosclarotdf.com.ar\/wp-content\/uploads\/2024\/10\/photo_2024-10-31_13-45-39-768x512.jpg 768w, https:\/\/hablemosclarotdf.com.ar\/wp-content\/uploads\/2024\/10\/photo_2024-10-31_13-45-39.jpg 1280w\" sizes=\"auto, (max-width: 300px) 100vw, 300px\" \/><\/p>\n","protected":false},"excerpt":{"rendered":"<p>A trav\u00e9s de esta pol\u00edtica p\u00fablica, el Municipio busca atender la problem\u00e1tica de sobrepoblaci\u00f3n canina&#8230;.<\/p>\n","protected":false},"author":1,"featured_media":16931,"comment_status":"closed","ping_status":"closed","sticky":false,"template":"","format":"standard","meta":{"footnotes":""},"categories":[3],"tags":[],"class_list":["post-16930","post","type-post","status-publish","format-standard","has-post-thumbnail","hentry","category-noticias"],"jetpack_featured_media_url":"https:\/\/hablemosclarotdf.com.ar\/wp-content\/uploads\/2024\/10\/photo_2024-10-31_13-45-35.jpg","_links":{"self":[{"href":"https:\/\/hablemosclarotdf.com.ar\/index.php?rest_route=\/wp\/v2\/posts\/16930","targetHints":{"allow":["GET"]}}],"collection":[{"href":"https:\/\/hablemosclarotdf.com.ar\/index.php?rest_route=\/wp\/v2\/posts"}],"about":[{"href":"https:\/\/hablemosclarotdf.com.ar\/index.php?rest_route=\/wp\/v2\/types\/post"}],"author":[{"embeddable":true,"href":"https:\/\/hablemosclarotdf.com.ar\/index.php?rest_route=\/wp\/v2\/users\/1"}],"replies":[{"embeddable":true,"href":"https:\/\/hablemosclarotdf.com.ar\/index.php?rest_route=%2Fwp%2Fv2%2Fcomments&post=16930"}],"version-history":[{"count":1,"href":"https:\/\/hablemosclarotdf.com.ar\/index.php?rest_route=\/wp\/v2\/posts\/16930\/revisions"}],"predecessor-version":[{"id":16933,"href":"https:\/\/hablemosclarotdf.com.ar\/index.php?rest_route=\/wp\/v2\/posts\/16930\/revisions\/16933"}],"wp:featuredmedia":[{"embeddable":true,"href":"https:\/\/hablemosclarotdf.com.ar\/index.php?rest_route=\/wp\/v2\/media\/16931"}],"wp:attachment":[{"href":"https:\/\/hablemosclarotdf.com.ar\/index.php?rest_route=%2Fwp%2Fv2%2Fmedia&parent=16930"}],"wp:term":[{"taxonomy":"category","embeddable":true,"href":"https:\/\/hablemosclarotdf.com.ar\/index.php?rest_route=%2Fwp%2Fv2%2Fcategories&post=16930"},{"taxonomy":"post_tag","embeddable":true,"href":"https:\/\/hablemosclarotdf.com.ar\/index.php?rest_route=%2Fwp%2Fv2%2Ftags&post=16930"}],"curies":[{"name":"wp","href":"https:\/\/api.w.org\/{rel}","templated":true}]}}