{"id":16850,"date":"2024-10-30T18:41:03","date_gmt":"2024-10-30T21:41:03","guid":{"rendered":"https:\/\/hablemosclarotdf.com.ar\/?p=16850"},"modified":"2024-10-30T18:41:03","modified_gmt":"2024-10-30T21:41:03","slug":"ushuaia-la-municipalidad-acompanara-el-1-festival-folclorico-y-patriotico-navegando-a-malvinas","status":"publish","type":"post","link":"https:\/\/hablemosclarotdf.com.ar\/?p=16850","title":{"rendered":"USHUAIA : LA MUNICIPALIDAD  ACOMPA\u00d1AR\u00c1 EL 1\u00b0 FESTIVAL FOLCL\u00d3RICO Y PATRI\u00d3TICO \u201cNAVEGANDO A MALVINAS\u201d"},"content":{"rendered":"<p>La propuesta se llevar\u00e1 adelante en el Centro Cultural Esther Fadul el d\u00eda s\u00e1bado 2 de noviembre<\/p>\n<p>La Secretar\u00eda de Cultura y Educaci\u00f3n de la Municipalidad de Ushuaia acompa\u00f1ar\u00e1 el 1\u00b0 Festival folcl\u00f3rico y patri\u00f3tico \u201cNavegando a Malvinas\u201d a realizarse el s\u00e1bado 2 de noviembre a las 21:00 horas en el Centro Cultural Esther Fadul.<br \/>\nLa iniciativa es impulsada por la Comisi\u00f3n Pro Monumento Guardacostas PNA GC 83 R\u00edo Iguaz\u00fa, Fundaci\u00f3n Malvinas y los Veteranos de Guerra de la Prefectura Naval Argentina y contar\u00e1 con un bono contribuci\u00f3n de $6000 destinado a la construcci\u00f3n del Monumento al Guardacostas R\u00edo Iguaz\u00fa perdido durante el conflicto b\u00e9lico de 1982. Durante la noche, se presentar\u00e1n los espect\u00e1culos de Folclore en Zapatillas, Ballet Cruz del Sur, Soriano Sosa, Canto Alegre, Ramiro Portillo, Esteban Cuestas y Franco Andrada. Acompa\u00f1ando la jornada, habr\u00e1 un servicio de cantina y buffet.<br \/>\nBel\u00e9n Molina, secretaria de Cultura y Educaci\u00f3n, destac\u00f3 que \u201cnos llena de orgullo poder acompa\u00f1ar esta propuesta que busca emplazar un monumento a este Guardacostas en la capital de Malvinas. Desde la gesti\u00f3n municipal vamos a seguir incentivando estas actividades que ponen en valor nuestra historia y a nuestras y nuestros h\u00e9roes, visibilizando la Causa Malvinas\u201d.<br \/>\nQui\u00e9nes deseen conocer m\u00e1s sobre el 1\u00b0 Festival Folcl\u00f3rico y Patri\u00f3tico \u201cNavegando a Malvinas\u201d podr\u00e1n contactarse al 2901-493165 o visitar las redes sociales de la Secretar\u00eda de Cultura y Educaci\u00f3n en @culturayeducacionush.<\/p>\n","protected":false},"excerpt":{"rendered":"<p>La propuesta se llevar\u00e1 adelante en el Centro Cultural Esther Fadul el d\u00eda s\u00e1bado 2&#8230;<\/p>\n","protected":false},"author":1,"featured_media":16851,"comment_status":"closed","ping_status":"closed","sticky":false,"template":"","format":"standard","meta":{"footnotes":""},"categories":[3],"tags":[],"class_list":["post-16850","post","type-post","status-publish","format-standard","has-post-thumbnail","hentry","category-noticias"],"jetpack_featured_media_url":"https:\/\/hablemosclarotdf.com.ar\/wp-content\/uploads\/2024\/10\/photo_2024-10-30_18-39-59.jpg","_links":{"self":[{"href":"https:\/\/hablemosclarotdf.com.ar\/index.php?rest_route=\/wp\/v2\/posts\/16850","targetHints":{"allow":["GET"]}}],"collection":[{"href":"https:\/\/hablemosclarotdf.com.ar\/index.php?rest_route=\/wp\/v2\/posts"}],"about":[{"href":"https:\/\/hablemosclarotdf.com.ar\/index.php?rest_route=\/wp\/v2\/types\/post"}],"author":[{"embeddable":true,"href":"https:\/\/hablemosclarotdf.com.ar\/index.php?rest_route=\/wp\/v2\/users\/1"}],"replies":[{"embeddable":true,"href":"https:\/\/hablemosclarotdf.com.ar\/index.php?rest_route=%2Fwp%2Fv2%2Fcomments&post=16850"}],"version-history":[{"count":1,"href":"https:\/\/hablemosclarotdf.com.ar\/index.php?rest_route=\/wp\/v2\/posts\/16850\/revisions"}],"predecessor-version":[{"id":16852,"href":"https:\/\/hablemosclarotdf.com.ar\/index.php?rest_route=\/wp\/v2\/posts\/16850\/revisions\/16852"}],"wp:featuredmedia":[{"embeddable":true,"href":"https:\/\/hablemosclarotdf.com.ar\/index.php?rest_route=\/wp\/v2\/media\/16851"}],"wp:attachment":[{"href":"https:\/\/hablemosclarotdf.com.ar\/index.php?rest_route=%2Fwp%2Fv2%2Fmedia&parent=16850"}],"wp:term":[{"taxonomy":"category","embeddable":true,"href":"https:\/\/hablemosclarotdf.com.ar\/index.php?rest_route=%2Fwp%2Fv2%2Fcategories&post=16850"},{"taxonomy":"post_tag","embeddable":true,"href":"https:\/\/hablemosclarotdf.com.ar\/index.php?rest_route=%2Fwp%2Fv2%2Ftags&post=16850"}],"curies":[{"name":"wp","href":"https:\/\/api.w.org\/{rel}","templated":true}]}}