{"id":15879,"date":"2024-10-23T14:52:44","date_gmt":"2024-10-23T17:52:44","guid":{"rendered":"https:\/\/hablemosclarotdf.com.ar\/?p=15879"},"modified":"2024-10-23T14:52:44","modified_gmt":"2024-10-23T17:52:44","slug":"mas-de-200-docentes-participaron-del-2-encuentro-provincial-de-educacion-artistica","status":"publish","type":"post","link":"https:\/\/hablemosclarotdf.com.ar\/?p=15879","title":{"rendered":"M\u00c1S DE 200 DOCENTES PARTICIPARON DEL \u20182\u00b0 ENCUENTRO PROVINCIAL DE EDUCACI\u00d3N ART\u00cdSTICA\u2019"},"content":{"rendered":"<p>La Direcci\u00f3n Provincial de Educaci\u00f3n Art\u00edstica, dependiente del Ministerio de Educaci\u00f3n de la Provincia, realiz\u00f3 el \u201c2do Encuentro Provincial de Educaci\u00f3n Art\u00edstica\u201d en la ciudad de Rio Grande.<\/p>\n<p>El mismo cont\u00f3 con la participaci\u00f3n de m\u00e1s de 200 docentes de lenguajes art\u00edsticos, quienes, durante dos jornadas, compartieron debates y reflexi\u00f3n sobre el eje de la educaci\u00f3n art\u00edstica como derecho y campo de conocimiento, como tambi\u00e9n, participaron de talleres espec\u00edficos con hincapi\u00e9 en la interdisciplinariedad para fortalecer y enriquecer las pr\u00e1cticas pedag\u00f3gicas.<\/p>\n<p>El director Provincial de Educaci\u00f3n Art\u00edstica, Mat\u00edas Tesuri, destac\u00f3 la participaci\u00f3n y aceptaci\u00f3n del colectivo docente, demostrando la importancia de llevar adelante este tipo de encuentros para el debate y la reflexi\u00f3n sobre las pr\u00e1cticas de los lenguajes art\u00edsticos.<\/p>\n<p><img loading=\"lazy\" decoding=\"async\" class=\"alignnone size-medium wp-image-15881\" src=\"https:\/\/hablemosclarotdf.com.ar\/wp-content\/uploads\/2024\/10\/photo_2024-10-23_14-52-03-300x192.jpg\" alt=\"\" width=\"300\" height=\"192\" srcset=\"https:\/\/hablemosclarotdf.com.ar\/wp-content\/uploads\/2024\/10\/photo_2024-10-23_14-52-03-300x192.jpg 300w, https:\/\/hablemosclarotdf.com.ar\/wp-content\/uploads\/2024\/10\/photo_2024-10-23_14-52-03-1024x654.jpg 1024w, https:\/\/hablemosclarotdf.com.ar\/wp-content\/uploads\/2024\/10\/photo_2024-10-23_14-52-03-768x491.jpg 768w, https:\/\/hablemosclarotdf.com.ar\/wp-content\/uploads\/2024\/10\/photo_2024-10-23_14-52-03.jpg 1080w\" sizes=\"auto, (max-width: 300px) 100vw, 300px\" \/><\/p>\n","protected":false},"excerpt":{"rendered":"<p>La Direcci\u00f3n Provincial de Educaci\u00f3n Art\u00edstica, dependiente del Ministerio de Educaci\u00f3n de la Provincia, realiz\u00f3&#8230;<\/p>\n","protected":false},"author":1,"featured_media":15880,"comment_status":"closed","ping_status":"closed","sticky":false,"template":"","format":"standard","meta":{"footnotes":""},"categories":[3],"tags":[],"class_list":["post-15879","post","type-post","status-publish","format-standard","has-post-thumbnail","hentry","category-noticias"],"jetpack_featured_media_url":"https:\/\/hablemosclarotdf.com.ar\/wp-content\/uploads\/2024\/10\/photo_2024-10-23_14-51-59.jpg","_links":{"self":[{"href":"https:\/\/hablemosclarotdf.com.ar\/index.php?rest_route=\/wp\/v2\/posts\/15879","targetHints":{"allow":["GET"]}}],"collection":[{"href":"https:\/\/hablemosclarotdf.com.ar\/index.php?rest_route=\/wp\/v2\/posts"}],"about":[{"href":"https:\/\/hablemosclarotdf.com.ar\/index.php?rest_route=\/wp\/v2\/types\/post"}],"author":[{"embeddable":true,"href":"https:\/\/hablemosclarotdf.com.ar\/index.php?rest_route=\/wp\/v2\/users\/1"}],"replies":[{"embeddable":true,"href":"https:\/\/hablemosclarotdf.com.ar\/index.php?rest_route=%2Fwp%2Fv2%2Fcomments&post=15879"}],"version-history":[{"count":1,"href":"https:\/\/hablemosclarotdf.com.ar\/index.php?rest_route=\/wp\/v2\/posts\/15879\/revisions"}],"predecessor-version":[{"id":15882,"href":"https:\/\/hablemosclarotdf.com.ar\/index.php?rest_route=\/wp\/v2\/posts\/15879\/revisions\/15882"}],"wp:featuredmedia":[{"embeddable":true,"href":"https:\/\/hablemosclarotdf.com.ar\/index.php?rest_route=\/wp\/v2\/media\/15880"}],"wp:attachment":[{"href":"https:\/\/hablemosclarotdf.com.ar\/index.php?rest_route=%2Fwp%2Fv2%2Fmedia&parent=15879"}],"wp:term":[{"taxonomy":"category","embeddable":true,"href":"https:\/\/hablemosclarotdf.com.ar\/index.php?rest_route=%2Fwp%2Fv2%2Fcategories&post=15879"},{"taxonomy":"post_tag","embeddable":true,"href":"https:\/\/hablemosclarotdf.com.ar\/index.php?rest_route=%2Fwp%2Fv2%2Ftags&post=15879"}],"curies":[{"name":"wp","href":"https:\/\/api.w.org\/{rel}","templated":true}]}}