{"id":15865,"date":"2024-10-23T10:26:46","date_gmt":"2024-10-23T13:26:46","guid":{"rendered":"https:\/\/hablemosclarotdf.com.ar\/?p=15865"},"modified":"2024-10-23T10:26:46","modified_gmt":"2024-10-23T13:26:46","slug":"brindaron-capacitacion-a-personal-de-gimnasios-depositos-y-comedores-de-escuelas-de-la-provincia","status":"publish","type":"post","link":"https:\/\/hablemosclarotdf.com.ar\/?p=15865","title":{"rendered":"BRINDARON CAPACITACI\u00d3N A PERSONAL DE GIMNASIOS, DEP\u00d3SITOS Y COMEDORES DE ESCUELAS DE LA PROVINCIA"},"content":{"rendered":"<p>El Ministerio de Educaci\u00f3n de la Provincia, a trav\u00e9s de la Secretar\u00eda de Gesti\u00f3n Operativa, inici\u00f3 un ciclo de capacitaciones en normas de seguridad e higiene en establecimientos educativos, destinado a referentes de mantenimiento en establecimientos educativos; de la Secretar\u00eda de Deportes y agentes del \u00e1rea de Gesti\u00f3n Operativa de la ciudad de R\u00edo Grande.<\/p>\n<p>La secretaria de Gesti\u00f3n Operativa, Victoria Castro, explic\u00f3 que en el primer encuentro se abordaron temas relacionados a manipulaci\u00f3n de extintores y rotura de vidrios, entre otros.<\/p>\n<p>\u201cEsta primera instancia, est\u00e1 destinada a todas las personas que est\u00e1n como referentes en las escuelas de mantenimiento y seguridad e higiene, que son quienes nos informan antes cualquier situaci\u00f3n de riesgo. Por eso, nos parece sumamente importante que ellos y ellas est\u00e9n capacitados\u201d, explic\u00f3 Castro.<\/p>\n<p>Asimismo, la funcionaria mencion\u00f3 que se realizar\u00e1n otras capacitaciones sobre seguridad e higiene y RCP que se replicar\u00e1n en las ciudades de Tolhuin y Ushuaia.<\/p>\n<p>\u201cEsta es la primera capacitaci\u00f3n de muchas que van a venir, destinadas justamente a las y los compa\u00f1eros referentes de las escuelas y de la Secretar\u00eda de Deportes. Nos parece clave y fundamental que est\u00e9n preparados para cualquier situaci\u00f3n de riesgo y de peligro y que conozcan los procedimientos administrativos\u201d, mencion\u00f3 la Secretaria y ejemplific\u00f3: \u201cAnte la rotura de un vidrio, por mencionar una situaci\u00f3n, se debe hace una denuncia porque est\u00e1n asegurados, se llama a la aseguradora, se toman las medidas, se pone una placa hasta que traigan el vidrio, y a veces se espera una respuesta r\u00e1pida, pero hay cuestiones que demoran un poco m\u00e1s por su procedimiento administrativo\u201d.<\/p>\n<p>Por \u00faltimo, la funcionaria detall\u00f3 que \u201cal finalizar la charla, se les entregar\u00e1 un peque\u00f1o manual de instrucciones para que sepan a quien llamar ante situaciones de riesgo y c\u00f3mo actuar\u201d.<\/p>\n<p><img loading=\"lazy\" decoding=\"async\" class=\"alignnone size-medium wp-image-15867\" src=\"https:\/\/hablemosclarotdf.com.ar\/wp-content\/uploads\/2024\/10\/photo_2024-10-23_10-25-16-300x200.jpg\" alt=\"\" width=\"300\" height=\"200\" srcset=\"https:\/\/hablemosclarotdf.com.ar\/wp-content\/uploads\/2024\/10\/photo_2024-10-23_10-25-16-300x200.jpg 300w, https:\/\/hablemosclarotdf.com.ar\/wp-content\/uploads\/2024\/10\/photo_2024-10-23_10-25-16-1024x682.jpg 1024w, https:\/\/hablemosclarotdf.com.ar\/wp-content\/uploads\/2024\/10\/photo_2024-10-23_10-25-16-768x512.jpg 768w, https:\/\/hablemosclarotdf.com.ar\/wp-content\/uploads\/2024\/10\/photo_2024-10-23_10-25-16.jpg 1280w\" sizes=\"auto, (max-width: 300px) 100vw, 300px\" \/> <img loading=\"lazy\" decoding=\"async\" class=\"alignnone size-medium wp-image-15868\" src=\"https:\/\/hablemosclarotdf.com.ar\/wp-content\/uploads\/2024\/10\/photo_2024-10-23_10-25-20-300x200.jpg\" alt=\"\" width=\"300\" height=\"200\" srcset=\"https:\/\/hablemosclarotdf.com.ar\/wp-content\/uploads\/2024\/10\/photo_2024-10-23_10-25-20-300x200.jpg 300w, https:\/\/hablemosclarotdf.com.ar\/wp-content\/uploads\/2024\/10\/photo_2024-10-23_10-25-20-1024x682.jpg 1024w, https:\/\/hablemosclarotdf.com.ar\/wp-content\/uploads\/2024\/10\/photo_2024-10-23_10-25-20-768x512.jpg 768w, https:\/\/hablemosclarotdf.com.ar\/wp-content\/uploads\/2024\/10\/photo_2024-10-23_10-25-20.jpg 1280w\" sizes=\"auto, (max-width: 300px) 100vw, 300px\" \/> <img loading=\"lazy\" decoding=\"async\" class=\"alignnone size-medium wp-image-15869\" src=\"https:\/\/hablemosclarotdf.com.ar\/wp-content\/uploads\/2024\/10\/photo_2024-10-23_10-25-25-300x200.jpg\" alt=\"\" width=\"300\" height=\"200\" srcset=\"https:\/\/hablemosclarotdf.com.ar\/wp-content\/uploads\/2024\/10\/photo_2024-10-23_10-25-25-300x200.jpg 300w, https:\/\/hablemosclarotdf.com.ar\/wp-content\/uploads\/2024\/10\/photo_2024-10-23_10-25-25-1024x682.jpg 1024w, https:\/\/hablemosclarotdf.com.ar\/wp-content\/uploads\/2024\/10\/photo_2024-10-23_10-25-25-768x512.jpg 768w, https:\/\/hablemosclarotdf.com.ar\/wp-content\/uploads\/2024\/10\/photo_2024-10-23_10-25-25.jpg 1280w\" sizes=\"auto, (max-width: 300px) 100vw, 300px\" \/> <img loading=\"lazy\" decoding=\"async\" class=\"alignnone size-medium wp-image-15870\" src=\"https:\/\/hablemosclarotdf.com.ar\/wp-content\/uploads\/2024\/10\/photo_2024-10-23_10-25-29-300x200.jpg\" alt=\"\" width=\"300\" height=\"200\" srcset=\"https:\/\/hablemosclarotdf.com.ar\/wp-content\/uploads\/2024\/10\/photo_2024-10-23_10-25-29-300x200.jpg 300w, https:\/\/hablemosclarotdf.com.ar\/wp-content\/uploads\/2024\/10\/photo_2024-10-23_10-25-29-1024x682.jpg 1024w, https:\/\/hablemosclarotdf.com.ar\/wp-content\/uploads\/2024\/10\/photo_2024-10-23_10-25-29-768x512.jpg 768w, https:\/\/hablemosclarotdf.com.ar\/wp-content\/uploads\/2024\/10\/photo_2024-10-23_10-25-29.jpg 1280w\" sizes=\"auto, (max-width: 300px) 100vw, 300px\" \/> <img loading=\"lazy\" decoding=\"async\" class=\"alignnone size-medium wp-image-15871\" src=\"https:\/\/hablemosclarotdf.com.ar\/wp-content\/uploads\/2024\/10\/photo_2024-10-23_10-25-33-300x200.jpg\" alt=\"\" width=\"300\" height=\"200\" srcset=\"https:\/\/hablemosclarotdf.com.ar\/wp-content\/uploads\/2024\/10\/photo_2024-10-23_10-25-33-300x200.jpg 300w, https:\/\/hablemosclarotdf.com.ar\/wp-content\/uploads\/2024\/10\/photo_2024-10-23_10-25-33-1024x682.jpg 1024w, https:\/\/hablemosclarotdf.com.ar\/wp-content\/uploads\/2024\/10\/photo_2024-10-23_10-25-33-768x512.jpg 768w, https:\/\/hablemosclarotdf.com.ar\/wp-content\/uploads\/2024\/10\/photo_2024-10-23_10-25-33.jpg 1280w\" sizes=\"auto, (max-width: 300px) 100vw, 300px\" \/><\/p>\n","protected":false},"excerpt":{"rendered":"<p>El Ministerio de Educaci\u00f3n de la Provincia, a trav\u00e9s de la Secretar\u00eda de Gesti\u00f3n Operativa,&#8230;<\/p>\n","protected":false},"author":1,"featured_media":15866,"comment_status":"closed","ping_status":"closed","sticky":false,"template":"","format":"standard","meta":{"footnotes":""},"categories":[3],"tags":[],"class_list":["post-15865","post","type-post","status-publish","format-standard","has-post-thumbnail","hentry","category-noticias"],"jetpack_featured_media_url":"https:\/\/hablemosclarotdf.com.ar\/wp-content\/uploads\/2024\/10\/photo_2024-10-23_10-25-12.jpg","_links":{"self":[{"href":"https:\/\/hablemosclarotdf.com.ar\/index.php?rest_route=\/wp\/v2\/posts\/15865","targetHints":{"allow":["GET"]}}],"collection":[{"href":"https:\/\/hablemosclarotdf.com.ar\/index.php?rest_route=\/wp\/v2\/posts"}],"about":[{"href":"https:\/\/hablemosclarotdf.com.ar\/index.php?rest_route=\/wp\/v2\/types\/post"}],"author":[{"embeddable":true,"href":"https:\/\/hablemosclarotdf.com.ar\/index.php?rest_route=\/wp\/v2\/users\/1"}],"replies":[{"embeddable":true,"href":"https:\/\/hablemosclarotdf.com.ar\/index.php?rest_route=%2Fwp%2Fv2%2Fcomments&post=15865"}],"version-history":[{"count":1,"href":"https:\/\/hablemosclarotdf.com.ar\/index.php?rest_route=\/wp\/v2\/posts\/15865\/revisions"}],"predecessor-version":[{"id":15872,"href":"https:\/\/hablemosclarotdf.com.ar\/index.php?rest_route=\/wp\/v2\/posts\/15865\/revisions\/15872"}],"wp:featuredmedia":[{"embeddable":true,"href":"https:\/\/hablemosclarotdf.com.ar\/index.php?rest_route=\/wp\/v2\/media\/15866"}],"wp:attachment":[{"href":"https:\/\/hablemosclarotdf.com.ar\/index.php?rest_route=%2Fwp%2Fv2%2Fmedia&parent=15865"}],"wp:term":[{"taxonomy":"category","embeddable":true,"href":"https:\/\/hablemosclarotdf.com.ar\/index.php?rest_route=%2Fwp%2Fv2%2Fcategories&post=15865"},{"taxonomy":"post_tag","embeddable":true,"href":"https:\/\/hablemosclarotdf.com.ar\/index.php?rest_route=%2Fwp%2Fv2%2Ftags&post=15865"}],"curies":[{"name":"wp","href":"https:\/\/api.w.org\/{rel}","templated":true}]}}