{"id":15833,"date":"2024-10-22T21:38:53","date_gmt":"2024-10-23T00:38:53","guid":{"rendered":"https:\/\/hablemosclarotdf.com.ar\/?p=15833"},"modified":"2024-10-22T21:38:53","modified_gmt":"2024-10-23T00:38:53","slug":"rio-grande-matias-lucuix-brindara-un-campus-y-una-charla-en-rio-grande","status":"publish","type":"post","link":"https:\/\/hablemosclarotdf.com.ar\/?p=15833","title":{"rendered":"RIO GRANDE : MAT\u00cdAS LUCUIX BRINDAR\u00c1 UN CAMPUS Y UNA CHARLA EN R\u00cdO GRANDE"},"content":{"rendered":"<p>El Director T\u00e9cnico de la Selecci\u00f3n Argentina de Futsal, reciente subcampeona del mundo, estar\u00e1 en nuestra ciudad el pr\u00f3ximo s\u00e1bado para dar un campus y una charla abierta a la comunidad deportiva de R\u00edo Grande. La cita ser\u00e1 en el Polideportivo Carlos Margalot.<\/p>\n<p>El s\u00e1bado 26 R\u00edo Grande recibir\u00e1 al Director T\u00e9cnico de la Selecci\u00f3n Argentina de Futsal, Mat\u00edas Lucuix, quien llegar\u00e1 a la ciudad para estar a cargo de un campus y una charla. Esta instancia de formaci\u00f3n es fruto del trabajo en conjunto de la Subsecretar\u00eda de Deportes con la Asociaci\u00f3n de F\u00fatbol Argentino y la Liga Oficial de F\u00fatbol de R\u00edo Grande.<\/p>\n<p>Todo dar\u00e1 inicio a las 11:00 de la ma\u00f1ana con el primer grupo de j\u00f3venes entre 10 y 13 a\u00f1os, luego continuar\u00e1 a las 15:00 con el segundo grupo reservado para deportistas de entre 14 y 17. Posteriormente a las 18:00 habr\u00e1 una charla destinada a toda la comunidad deportiva.<\/p>\n<p>Aquellos interesados en ser parte de esta jornada deber\u00e1n inscribirse en el siguiente link: https:\/\/forms.gle\/3fjbc37NDKykyzRW6<\/p>\n<p>De esta manera, el Municipio contin\u00faa trabajando para fortalecer sus pol\u00edticas deportivas acompa\u00f1ando a las y los deportistas de la ciudad.<\/p>\n<p>Google Docs (https:\/\/forms.gle\/3fjbc37NDKykyzRW6)<br \/>\nCAMPUS DE FUTSAL<br \/>\nDesde el Municipio, a trav\u00e9s de la Subsecretar\u00eda de Deportes, continuamos fortaleciendo pol\u00edticas deportivas que acompa\u00f1en a las y los deportistas de la ciudad. En esta ocasi\u00f3n, se llevar\u00e1 a cabo un campus de futsal a cargo de Mat\u00edas Locuix, actual director t\u00e9cnico de la Selecci\u00f3n Argentina de Futsal.<\/p>\n<p>Consideraciones generales:<\/p>\n<p>Campus 10 a 17 a\u00f1os<br \/>\nUbicaci\u00f3n: Anexo del Polideportivo Carlos Margalot<br \/>\nGrupo 1 (10 a 13 a\u00f1os)<br \/>\nHorario: 11:00 a 13:00 horas.<br \/>\nGrupo 2 (14 a 17 a\u00f1os)<br \/>\nHorario: 15:00 a 17:00 horas.<br \/>\nCharla<br \/>\nDirigida a t\u00e9cnicos, deportistas y a toda la comunidad deportiva en general.<br \/>\nHorario: 18:00<br \/>\nUbicaci\u00f3n: Polideportivo Carlos M\u00e1rgalo<\/p>\n<p><img loading=\"lazy\" decoding=\"async\" class=\"alignnone size-medium wp-image-15835\" src=\"https:\/\/hablemosclarotdf.com.ar\/wp-content\/uploads\/2024\/10\/photo_2024-10-22_21-38-13-300x162.jpg\" alt=\"\" width=\"300\" height=\"162\" srcset=\"https:\/\/hablemosclarotdf.com.ar\/wp-content\/uploads\/2024\/10\/photo_2024-10-22_21-38-13-300x162.jpg 300w, https:\/\/hablemosclarotdf.com.ar\/wp-content\/uploads\/2024\/10\/photo_2024-10-22_21-38-13-1024x552.jpg 1024w, https:\/\/hablemosclarotdf.com.ar\/wp-content\/uploads\/2024\/10\/photo_2024-10-22_21-38-13-768x414.jpg 768w, https:\/\/hablemosclarotdf.com.ar\/wp-content\/uploads\/2024\/10\/photo_2024-10-22_21-38-13.jpg 1280w\" sizes=\"auto, (max-width: 300px) 100vw, 300px\" \/><\/p>\n","protected":false},"excerpt":{"rendered":"<p>El Director T\u00e9cnico de la Selecci\u00f3n Argentina de Futsal, reciente subcampeona del mundo, estar\u00e1 en&#8230;<\/p>\n","protected":false},"author":1,"featured_media":15834,"comment_status":"closed","ping_status":"closed","sticky":false,"template":"","format":"standard","meta":{"footnotes":""},"categories":[3],"tags":[],"class_list":["post-15833","post","type-post","status-publish","format-standard","has-post-thumbnail","hentry","category-noticias"],"jetpack_featured_media_url":"https:\/\/hablemosclarotdf.com.ar\/wp-content\/uploads\/2024\/10\/photo_2024-10-22_21-38-09.jpg","_links":{"self":[{"href":"https:\/\/hablemosclarotdf.com.ar\/index.php?rest_route=\/wp\/v2\/posts\/15833","targetHints":{"allow":["GET"]}}],"collection":[{"href":"https:\/\/hablemosclarotdf.com.ar\/index.php?rest_route=\/wp\/v2\/posts"}],"about":[{"href":"https:\/\/hablemosclarotdf.com.ar\/index.php?rest_route=\/wp\/v2\/types\/post"}],"author":[{"embeddable":true,"href":"https:\/\/hablemosclarotdf.com.ar\/index.php?rest_route=\/wp\/v2\/users\/1"}],"replies":[{"embeddable":true,"href":"https:\/\/hablemosclarotdf.com.ar\/index.php?rest_route=%2Fwp%2Fv2%2Fcomments&post=15833"}],"version-history":[{"count":1,"href":"https:\/\/hablemosclarotdf.com.ar\/index.php?rest_route=\/wp\/v2\/posts\/15833\/revisions"}],"predecessor-version":[{"id":15836,"href":"https:\/\/hablemosclarotdf.com.ar\/index.php?rest_route=\/wp\/v2\/posts\/15833\/revisions\/15836"}],"wp:featuredmedia":[{"embeddable":true,"href":"https:\/\/hablemosclarotdf.com.ar\/index.php?rest_route=\/wp\/v2\/media\/15834"}],"wp:attachment":[{"href":"https:\/\/hablemosclarotdf.com.ar\/index.php?rest_route=%2Fwp%2Fv2%2Fmedia&parent=15833"}],"wp:term":[{"taxonomy":"category","embeddable":true,"href":"https:\/\/hablemosclarotdf.com.ar\/index.php?rest_route=%2Fwp%2Fv2%2Fcategories&post=15833"},{"taxonomy":"post_tag","embeddable":true,"href":"https:\/\/hablemosclarotdf.com.ar\/index.php?rest_route=%2Fwp%2Fv2%2Ftags&post=15833"}],"curies":[{"name":"wp","href":"https:\/\/api.w.org\/{rel}","templated":true}]}}