{"id":15828,"date":"2024-10-22T21:35:44","date_gmt":"2024-10-23T00:35:44","guid":{"rendered":"https:\/\/hablemosclarotdf.com.ar\/?p=15828"},"modified":"2024-10-22T21:35:44","modified_gmt":"2024-10-23T00:35:44","slug":"ushuaia-recuperacion-vial-este-miercoles-habra-cortes-de-transito-parcial-y-total-en-dos-tramos-de-la-avenida-alem","status":"publish","type":"post","link":"https:\/\/hablemosclarotdf.com.ar\/?p=15828","title":{"rendered":"USHUAIA : RECUPERACI\u00d3N VIAL: ESTE MI\u00c9RCOLES HABR\u00c1 CORTES DE TR\u00c1NSITO PARCIAL Y TOTAL EN DOS TRAMOS DE LA AVENIDA ALEM"},"content":{"rendered":"<p>La Municipalidad de Ushuaia informa a la comunidad que ma\u00f1ana mi\u00e9rcoles 23 de octubre habr\u00e1 cortes de tr\u00e1nsito en dos sectores de la avenida Alem, en los que se realizar\u00e1n trabajos enmarcados en el Programa de Recuperaci\u00f3n Vial.<br \/>\nEl primero de ellos, que afectar\u00e1 media calzada, abarcar\u00e1 el tramo de la avenida entre calles Akainik y Costa de Laguna en el sentido al Parque Nacional. Se extender\u00e1 de 8 a 18 horas.<br \/>\nTambi\u00e9n de 8 a 18 horas tendr\u00e1 lugar un corte total entre las calles 12 de Octubre y R\u00edo Negro.<br \/>\nSe recomienda a los conductores a circular con precauci\u00f3n por la presencia de trabajadores y maquinaria, y utilizar v\u00edas alternativas.<\/p>\n<p><img loading=\"lazy\" decoding=\"async\" class=\"alignnone size-medium wp-image-15830\" src=\"https:\/\/hablemosclarotdf.com.ar\/wp-content\/uploads\/2024\/10\/photo_2024-10-22_21-34-20-1-240x300.jpg\" alt=\"\" width=\"240\" height=\"300\" srcset=\"https:\/\/hablemosclarotdf.com.ar\/wp-content\/uploads\/2024\/10\/photo_2024-10-22_21-34-20-1-240x300.jpg 240w, https:\/\/hablemosclarotdf.com.ar\/wp-content\/uploads\/2024\/10\/photo_2024-10-22_21-34-20-1-818x1024.jpg 818w, https:\/\/hablemosclarotdf.com.ar\/wp-content\/uploads\/2024\/10\/photo_2024-10-22_21-34-20-1-768x961.jpg 768w, https:\/\/hablemosclarotdf.com.ar\/wp-content\/uploads\/2024\/10\/photo_2024-10-22_21-34-20-1.jpg 1023w\" sizes=\"auto, (max-width: 240px) 100vw, 240px\" \/> <img loading=\"lazy\" decoding=\"async\" class=\"alignnone size-medium wp-image-15831\" src=\"https:\/\/hablemosclarotdf.com.ar\/wp-content\/uploads\/2024\/10\/photo_2024-10-22_21-34-24-240x300.jpg\" alt=\"\" width=\"240\" height=\"300\" srcset=\"https:\/\/hablemosclarotdf.com.ar\/wp-content\/uploads\/2024\/10\/photo_2024-10-22_21-34-24-240x300.jpg 240w, https:\/\/hablemosclarotdf.com.ar\/wp-content\/uploads\/2024\/10\/photo_2024-10-22_21-34-24-818x1024.jpg 818w, https:\/\/hablemosclarotdf.com.ar\/wp-content\/uploads\/2024\/10\/photo_2024-10-22_21-34-24-768x961.jpg 768w, https:\/\/hablemosclarotdf.com.ar\/wp-content\/uploads\/2024\/10\/photo_2024-10-22_21-34-24.jpg 1023w\" sizes=\"auto, (max-width: 240px) 100vw, 240px\" \/><\/p>\n","protected":false},"excerpt":{"rendered":"<p>La Municipalidad de Ushuaia informa a la comunidad que ma\u00f1ana mi\u00e9rcoles 23 de octubre habr\u00e1&#8230;<\/p>\n","protected":false},"author":1,"featured_media":15829,"comment_status":"closed","ping_status":"closed","sticky":false,"template":"","format":"standard","meta":{"footnotes":""},"categories":[3],"tags":[],"class_list":["post-15828","post","type-post","status-publish","format-standard","has-post-thumbnail","hentry","category-noticias"],"jetpack_featured_media_url":"https:\/\/hablemosclarotdf.com.ar\/wp-content\/uploads\/2024\/10\/photo_2024-10-22_21-34-20.jpg","_links":{"self":[{"href":"https:\/\/hablemosclarotdf.com.ar\/index.php?rest_route=\/wp\/v2\/posts\/15828","targetHints":{"allow":["GET"]}}],"collection":[{"href":"https:\/\/hablemosclarotdf.com.ar\/index.php?rest_route=\/wp\/v2\/posts"}],"about":[{"href":"https:\/\/hablemosclarotdf.com.ar\/index.php?rest_route=\/wp\/v2\/types\/post"}],"author":[{"embeddable":true,"href":"https:\/\/hablemosclarotdf.com.ar\/index.php?rest_route=\/wp\/v2\/users\/1"}],"replies":[{"embeddable":true,"href":"https:\/\/hablemosclarotdf.com.ar\/index.php?rest_route=%2Fwp%2Fv2%2Fcomments&post=15828"}],"version-history":[{"count":1,"href":"https:\/\/hablemosclarotdf.com.ar\/index.php?rest_route=\/wp\/v2\/posts\/15828\/revisions"}],"predecessor-version":[{"id":15832,"href":"https:\/\/hablemosclarotdf.com.ar\/index.php?rest_route=\/wp\/v2\/posts\/15828\/revisions\/15832"}],"wp:featuredmedia":[{"embeddable":true,"href":"https:\/\/hablemosclarotdf.com.ar\/index.php?rest_route=\/wp\/v2\/media\/15829"}],"wp:attachment":[{"href":"https:\/\/hablemosclarotdf.com.ar\/index.php?rest_route=%2Fwp%2Fv2%2Fmedia&parent=15828"}],"wp:term":[{"taxonomy":"category","embeddable":true,"href":"https:\/\/hablemosclarotdf.com.ar\/index.php?rest_route=%2Fwp%2Fv2%2Fcategories&post=15828"},{"taxonomy":"post_tag","embeddable":true,"href":"https:\/\/hablemosclarotdf.com.ar\/index.php?rest_route=%2Fwp%2Fv2%2Ftags&post=15828"}],"curies":[{"name":"wp","href":"https:\/\/api.w.org\/{rel}","templated":true}]}}