{"id":15796,"date":"2024-10-22T18:36:48","date_gmt":"2024-10-22T21:36:48","guid":{"rendered":"https:\/\/hablemosclarotdf.com.ar\/?p=15796"},"modified":"2024-10-22T18:36:48","modified_gmt":"2024-10-22T21:36:48","slug":"se-llevo-a-cabo-con-exito-la-prueba-de-los-equipos-a-combustion-para-el-refuerzo-de-energia-en-ushuaia","status":"publish","type":"post","link":"https:\/\/hablemosclarotdf.com.ar\/?p=15796","title":{"rendered":"SE LLEV\u00d3 A CABO CON \u00c9XITO LA PRUEBA DE LOS EQUIPOS A COMBUSTI\u00d3N PARA EL REFUERZO DE ENERG\u00cdA EN USHUAIA"},"content":{"rendered":"<p>Se trata de los siete equipos de generaci\u00f3n m\u00f3viles que se contrataron a la empresa Sullair y arribaron recientemente con el objetivo de cubrir la demanda de energ\u00eda.<\/p>\n<p>La prueba para su puesta en marcha se llev\u00f3 a cabo en horas de la ma\u00f1ana con resultados exitosos, lo que implica que ya se encuentran operativos en caso de necesidad.<\/p>\n<p>Cabe recordar que los equipos fueron alquilados a trav\u00e9s de la empresa estatal Terra Ignis y ser\u00e1n operados por la empresa contratista Sullair en conjunto con la Direcci\u00f3n Provincial de Energ\u00eda (DPE) en el Centro de Distribuci\u00f3n ubicado en Vialidad, y que se alquilaron por un lapso de cuatro meses y, para ello, se invirtieron dos millones de d\u00f3lares, m\u00e1s la provisi\u00f3n del combustible para el funcionamiento de los generadores.<\/p>\n<p>En este sentido, la ministra de Obras y Servicios P\u00fablicos provincial, Gabriela Castillo, cont\u00f3 que \u201cesta ma\u00f1ana tuvimos un corte, entre las 8 y 10 de la ma\u00f1ana, en la zona de los alimentadores 10, 11 y 12, un sector bastante amplio, para probar los nuevos generadores a combusti\u00f3n que tenemos alquilados\u201d.<\/p>\n<p>Asimismo, remarc\u00f3 que los resultados de la prueba fueron exitosos y explic\u00f3 que \u201csi tenemos una situaci\u00f3n de corte, algo que surgi\u00f3, le podemos dar alimentaci\u00f3n con estos equipos, si necesitamos mayor generaci\u00f3n, podemos abastecer con estos equipos\u201d.<\/p>\n<p>\u201cEstaba ya la habilitaci\u00f3n formal, el tanque acreditado, la habilitaci\u00f3n ambiental, la instalaci\u00f3n de todos los equipos, pero necesit\u00e1bamos hacer la prueba y fue lo que pas\u00f3 esta ma\u00f1ana, sali\u00f3 todo muy bien\u201d, agreg\u00f3.<\/p>\n<p>Finalmente, remarc\u00f3 que \u201cahora ya sabemos que est\u00e1 todo probado y que podemos entrar en funcionamiento en pocos minutos\u201d.<\/p>\n<p><img loading=\"lazy\" decoding=\"async\" class=\"alignnone size-medium wp-image-15798\" src=\"https:\/\/hablemosclarotdf.com.ar\/wp-content\/uploads\/2024\/10\/photo_2024-10-22_18-35-03-300x200.jpg\" alt=\"\" width=\"300\" height=\"200\" srcset=\"https:\/\/hablemosclarotdf.com.ar\/wp-content\/uploads\/2024\/10\/photo_2024-10-22_18-35-03-300x200.jpg 300w, https:\/\/hablemosclarotdf.com.ar\/wp-content\/uploads\/2024\/10\/photo_2024-10-22_18-35-03-1024x684.jpg 1024w, https:\/\/hablemosclarotdf.com.ar\/wp-content\/uploads\/2024\/10\/photo_2024-10-22_18-35-03-768x513.jpg 768w, https:\/\/hablemosclarotdf.com.ar\/wp-content\/uploads\/2024\/10\/photo_2024-10-22_18-35-03-1536x1025.jpg 1536w, https:\/\/hablemosclarotdf.com.ar\/wp-content\/uploads\/2024\/10\/photo_2024-10-22_18-35-03.jpg 1600w\" sizes=\"auto, (max-width: 300px) 100vw, 300px\" \/> <img loading=\"lazy\" decoding=\"async\" class=\"alignnone size-medium wp-image-15799\" src=\"https:\/\/hablemosclarotdf.com.ar\/wp-content\/uploads\/2024\/10\/photo_2024-10-22_18-35-08-300x200.jpg\" alt=\"\" width=\"300\" height=\"200\" srcset=\"https:\/\/hablemosclarotdf.com.ar\/wp-content\/uploads\/2024\/10\/photo_2024-10-22_18-35-08-300x200.jpg 300w, https:\/\/hablemosclarotdf.com.ar\/wp-content\/uploads\/2024\/10\/photo_2024-10-22_18-35-08-1024x684.jpg 1024w, https:\/\/hablemosclarotdf.com.ar\/wp-content\/uploads\/2024\/10\/photo_2024-10-22_18-35-08-768x513.jpg 768w, https:\/\/hablemosclarotdf.com.ar\/wp-content\/uploads\/2024\/10\/photo_2024-10-22_18-35-08-1536x1025.jpg 1536w, https:\/\/hablemosclarotdf.com.ar\/wp-content\/uploads\/2024\/10\/photo_2024-10-22_18-35-08.jpg 1600w\" sizes=\"auto, (max-width: 300px) 100vw, 300px\" \/> <img loading=\"lazy\" decoding=\"async\" class=\"alignnone size-medium wp-image-15800\" src=\"https:\/\/hablemosclarotdf.com.ar\/wp-content\/uploads\/2024\/10\/photo_2024-10-22_18-35-16-300x200.jpg\" alt=\"\" width=\"300\" height=\"200\" srcset=\"https:\/\/hablemosclarotdf.com.ar\/wp-content\/uploads\/2024\/10\/photo_2024-10-22_18-35-16-300x200.jpg 300w, https:\/\/hablemosclarotdf.com.ar\/wp-content\/uploads\/2024\/10\/photo_2024-10-22_18-35-16-1024x684.jpg 1024w, https:\/\/hablemosclarotdf.com.ar\/wp-content\/uploads\/2024\/10\/photo_2024-10-22_18-35-16-768x513.jpg 768w, https:\/\/hablemosclarotdf.com.ar\/wp-content\/uploads\/2024\/10\/photo_2024-10-22_18-35-16-1536x1025.jpg 1536w, https:\/\/hablemosclarotdf.com.ar\/wp-content\/uploads\/2024\/10\/photo_2024-10-22_18-35-16.jpg 1600w\" sizes=\"auto, (max-width: 300px) 100vw, 300px\" \/> <img loading=\"lazy\" decoding=\"async\" class=\"alignnone size-medium wp-image-15801\" src=\"https:\/\/hablemosclarotdf.com.ar\/wp-content\/uploads\/2024\/10\/photo_2024-10-22_18-35-20-300x200.jpg\" alt=\"\" width=\"300\" height=\"200\" srcset=\"https:\/\/hablemosclarotdf.com.ar\/wp-content\/uploads\/2024\/10\/photo_2024-10-22_18-35-20-300x200.jpg 300w, https:\/\/hablemosclarotdf.com.ar\/wp-content\/uploads\/2024\/10\/photo_2024-10-22_18-35-20-1024x684.jpg 1024w, https:\/\/hablemosclarotdf.com.ar\/wp-content\/uploads\/2024\/10\/photo_2024-10-22_18-35-20-768x513.jpg 768w, https:\/\/hablemosclarotdf.com.ar\/wp-content\/uploads\/2024\/10\/photo_2024-10-22_18-35-20-1536x1025.jpg 1536w, https:\/\/hablemosclarotdf.com.ar\/wp-content\/uploads\/2024\/10\/photo_2024-10-22_18-35-20.jpg 1600w\" sizes=\"auto, (max-width: 300px) 100vw, 300px\" \/> <img loading=\"lazy\" decoding=\"async\" class=\"alignnone size-medium wp-image-15802\" src=\"https:\/\/hablemosclarotdf.com.ar\/wp-content\/uploads\/2024\/10\/photo_2024-10-22_18-35-25-300x200.jpg\" alt=\"\" width=\"300\" height=\"200\" srcset=\"https:\/\/hablemosclarotdf.com.ar\/wp-content\/uploads\/2024\/10\/photo_2024-10-22_18-35-25-300x200.jpg 300w, https:\/\/hablemosclarotdf.com.ar\/wp-content\/uploads\/2024\/10\/photo_2024-10-22_18-35-25-1024x684.jpg 1024w, https:\/\/hablemosclarotdf.com.ar\/wp-content\/uploads\/2024\/10\/photo_2024-10-22_18-35-25-768x513.jpg 768w, https:\/\/hablemosclarotdf.com.ar\/wp-content\/uploads\/2024\/10\/photo_2024-10-22_18-35-25-1536x1025.jpg 1536w, https:\/\/hablemosclarotdf.com.ar\/wp-content\/uploads\/2024\/10\/photo_2024-10-22_18-35-25.jpg 1600w\" sizes=\"auto, (max-width: 300px) 100vw, 300px\" \/><\/p>\n","protected":false},"excerpt":{"rendered":"<p>Se trata de los siete equipos de generaci\u00f3n m\u00f3viles que se contrataron a la empresa&#8230;<\/p>\n","protected":false},"author":1,"featured_media":15797,"comment_status":"closed","ping_status":"closed","sticky":false,"template":"","format":"standard","meta":{"footnotes":""},"categories":[3],"tags":[],"class_list":["post-15796","post","type-post","status-publish","format-standard","has-post-thumbnail","hentry","category-noticias"],"jetpack_featured_media_url":"https:\/\/hablemosclarotdf.com.ar\/wp-content\/uploads\/2024\/10\/photo_2024-10-22_18-34-54.jpg","_links":{"self":[{"href":"https:\/\/hablemosclarotdf.com.ar\/index.php?rest_route=\/wp\/v2\/posts\/15796","targetHints":{"allow":["GET"]}}],"collection":[{"href":"https:\/\/hablemosclarotdf.com.ar\/index.php?rest_route=\/wp\/v2\/posts"}],"about":[{"href":"https:\/\/hablemosclarotdf.com.ar\/index.php?rest_route=\/wp\/v2\/types\/post"}],"author":[{"embeddable":true,"href":"https:\/\/hablemosclarotdf.com.ar\/index.php?rest_route=\/wp\/v2\/users\/1"}],"replies":[{"embeddable":true,"href":"https:\/\/hablemosclarotdf.com.ar\/index.php?rest_route=%2Fwp%2Fv2%2Fcomments&post=15796"}],"version-history":[{"count":1,"href":"https:\/\/hablemosclarotdf.com.ar\/index.php?rest_route=\/wp\/v2\/posts\/15796\/revisions"}],"predecessor-version":[{"id":15803,"href":"https:\/\/hablemosclarotdf.com.ar\/index.php?rest_route=\/wp\/v2\/posts\/15796\/revisions\/15803"}],"wp:featuredmedia":[{"embeddable":true,"href":"https:\/\/hablemosclarotdf.com.ar\/index.php?rest_route=\/wp\/v2\/media\/15797"}],"wp:attachment":[{"href":"https:\/\/hablemosclarotdf.com.ar\/index.php?rest_route=%2Fwp%2Fv2%2Fmedia&parent=15796"}],"wp:term":[{"taxonomy":"category","embeddable":true,"href":"https:\/\/hablemosclarotdf.com.ar\/index.php?rest_route=%2Fwp%2Fv2%2Fcategories&post=15796"},{"taxonomy":"post_tag","embeddable":true,"href":"https:\/\/hablemosclarotdf.com.ar\/index.php?rest_route=%2Fwp%2Fv2%2Ftags&post=15796"}],"curies":[{"name":"wp","href":"https:\/\/api.w.org\/{rel}","templated":true}]}}