{"id":15781,"date":"2024-10-22T15:56:57","date_gmt":"2024-10-22T18:56:57","guid":{"rendered":"https:\/\/hablemosclarotdf.com.ar\/?p=15781"},"modified":"2024-10-22T15:56:57","modified_gmt":"2024-10-22T18:56:57","slug":"dia-mundial-de-la-salud-mental-realizaron-taller-de-autocuidado-emocional-en-la-ciudad-de-tolhuin","status":"publish","type":"post","link":"https:\/\/hablemosclarotdf.com.ar\/?p=15781","title":{"rendered":"\u2018D\u00cdA MUNDIAL DE LA SALUD MENTAL\u2019: REALIZARON TALLER DE \u201cAUTOCUIDADO EMOCIONAL\u201d EN LA CIUDAD DE TOLHUIN"},"content":{"rendered":"<p>Organizada por la Direcci\u00f3n de Salud Mental de Tolhuin \u2013perteneciente a la Secretar\u00eda de Salud Mental y Problem\u00e1ticas de Consumo de la Provincia- se realiz\u00f3 la \u201c2da Jornada de Salud Mental\u201d, a trav\u00e9s de un \u2018Taller de Autocuidado Emocional\u2019 destinado a trabajadores de diversos \u00e1mbitos del sector p\u00fablico.<\/p>\n<p>En ese sentido, participaron integrantes de las Fuerzas de Seguridad, Bomberos, Educaci\u00f3n, Salud, del Ministerio de Bienestar Ciudadano, de la carrera de Acompa\u00f1antes Terap\u00e9uticos de Tolhuin y residentes de la RISAM.<\/p>\n<p>Bajo el lema \u201cTrabajo y Salud Mental, un v\u00ednculo fundamental\u201d, los participantes compartieron experiencias y herramientas para cuidar su bienestar emocional en el entorno laboral.<br \/>\n\u201cLa concurrencia fue muy buena\u201d, subray\u00f3 el secretario de Salud Mental y Problem\u00e1ticas de Consumo de la Provincia, David De Piero, quien se\u00f1al\u00f3 que \u201chubo un gran auditorio que se mantuvo presente durante toda la jornada de trabajo e hizo una buena devoluci\u00f3n sobre todo lo trabajado\u201d.<\/p>\n<p>El funcionario aclar\u00f3 que el hecho constituye \u201cel puntapi\u00e9 inicial que apunta a seguir trabajando en lo referido a la salud mental en los \u00e1mbitos laborales\u201d.<\/p>\n<p>Por su parte, la directora de Salud Mental de Tolhuin, Marta Bola\u00f1o, ponder\u00f3 la importancia de la realizaci\u00f3n de la jornada \u201cin situ, para los habitantes y trabajadores de Tolhuin\u201d, y asever\u00f3 que \u201ces un orgullo ser el nexo entre la comunidad y una profesional de nivel internacional como la licenciada Alicia Gelfas\u00f3\u201d, que fue la encargada de coordinar la Jornada.<\/p>\n<p>Adem\u00e1s agradeci\u00f3 \u201cal equipo de Salud Mental Tolhuin, a la Delegaci\u00f3n de Gobierno de Tolhuin, la Secretaria de Salud Mental de la provincia, a la Municipalidad, a la Subsecretar\u00eda de Educaci\u00f3n de la ciudad, a la Casa de Deportes, a Defensa Civil Municipal, al CAT y a los equipos locales que colaboraron de manera desinteresada\u201d con el desarrollo de la Jornada.<\/p>\n<p>La funcionaria argument\u00f3 el lema mencionado en el entendimiento de que \u201cel trabajo es un pilar fundamental en la vida de los seres humanos\u201d, habida cuenta de que \u201cnos permite sostenernos econ\u00f3micamente, poder hacer frente a las necesidades que se nos presentan a diario, pero tambi\u00e9n nos posibilita encontrarnos con otros\u201d.<\/p>\n<p>\u201cEn el \u00e1mbito laboral generalmente compartimos nuestro espacio y tiempo\u201d, observ\u00f3 la profesional, quien luego abri\u00f3 el interrogante sobre lo que puede pasar \u201ccuando dicho compartir nos afecta, nos angustia y es productor de problemas en nuestra vida cotidiana\u201d.<\/p>\n<p>En ese sentido, consider\u00f3 que \u201cla propuesta tiene que ver con poder construir juntos ciertos modos de hacer en lo laboral, que tornen m\u00e1s satisfactorias las tareas y responsabilidades que tenemos en lo cotidiano\u201d.<\/p>\n<p>&nbsp;<\/p>\n<p><img loading=\"lazy\" decoding=\"async\" class=\"alignnone size-medium wp-image-15783\" src=\"https:\/\/hablemosclarotdf.com.ar\/wp-content\/uploads\/2024\/10\/photo_2024-10-22_15-55-19-300x200.jpg\" alt=\"\" width=\"300\" height=\"200\" srcset=\"https:\/\/hablemosclarotdf.com.ar\/wp-content\/uploads\/2024\/10\/photo_2024-10-22_15-55-19-300x200.jpg 300w, https:\/\/hablemosclarotdf.com.ar\/wp-content\/uploads\/2024\/10\/photo_2024-10-22_15-55-19-768x512.jpg 768w, https:\/\/hablemosclarotdf.com.ar\/wp-content\/uploads\/2024\/10\/photo_2024-10-22_15-55-19.jpg 948w\" sizes=\"auto, (max-width: 300px) 100vw, 300px\" \/> <img loading=\"lazy\" decoding=\"async\" class=\"alignnone size-medium wp-image-15784\" src=\"https:\/\/hablemosclarotdf.com.ar\/wp-content\/uploads\/2024\/10\/photo_2024-10-22_15-55-28-300x200.jpg\" alt=\"\" width=\"300\" height=\"200\" srcset=\"https:\/\/hablemosclarotdf.com.ar\/wp-content\/uploads\/2024\/10\/photo_2024-10-22_15-55-28-300x200.jpg 300w, https:\/\/hablemosclarotdf.com.ar\/wp-content\/uploads\/2024\/10\/photo_2024-10-22_15-55-28-768x512.jpg 768w, https:\/\/hablemosclarotdf.com.ar\/wp-content\/uploads\/2024\/10\/photo_2024-10-22_15-55-28.jpg 896w\" sizes=\"auto, (max-width: 300px) 100vw, 300px\" \/><\/p>\n","protected":false},"excerpt":{"rendered":"<p>Organizada por la Direcci\u00f3n de Salud Mental de Tolhuin \u2013perteneciente a la Secretar\u00eda de Salud&#8230;<\/p>\n","protected":false},"author":1,"featured_media":15782,"comment_status":"closed","ping_status":"closed","sticky":false,"template":"","format":"standard","meta":{"footnotes":""},"categories":[3],"tags":[],"class_list":["post-15781","post","type-post","status-publish","format-standard","has-post-thumbnail","hentry","category-noticias"],"jetpack_featured_media_url":"https:\/\/hablemosclarotdf.com.ar\/wp-content\/uploads\/2024\/10\/photo_2024-10-22_15-55-01.jpg","_links":{"self":[{"href":"https:\/\/hablemosclarotdf.com.ar\/index.php?rest_route=\/wp\/v2\/posts\/15781","targetHints":{"allow":["GET"]}}],"collection":[{"href":"https:\/\/hablemosclarotdf.com.ar\/index.php?rest_route=\/wp\/v2\/posts"}],"about":[{"href":"https:\/\/hablemosclarotdf.com.ar\/index.php?rest_route=\/wp\/v2\/types\/post"}],"author":[{"embeddable":true,"href":"https:\/\/hablemosclarotdf.com.ar\/index.php?rest_route=\/wp\/v2\/users\/1"}],"replies":[{"embeddable":true,"href":"https:\/\/hablemosclarotdf.com.ar\/index.php?rest_route=%2Fwp%2Fv2%2Fcomments&post=15781"}],"version-history":[{"count":1,"href":"https:\/\/hablemosclarotdf.com.ar\/index.php?rest_route=\/wp\/v2\/posts\/15781\/revisions"}],"predecessor-version":[{"id":15785,"href":"https:\/\/hablemosclarotdf.com.ar\/index.php?rest_route=\/wp\/v2\/posts\/15781\/revisions\/15785"}],"wp:featuredmedia":[{"embeddable":true,"href":"https:\/\/hablemosclarotdf.com.ar\/index.php?rest_route=\/wp\/v2\/media\/15782"}],"wp:attachment":[{"href":"https:\/\/hablemosclarotdf.com.ar\/index.php?rest_route=%2Fwp%2Fv2%2Fmedia&parent=15781"}],"wp:term":[{"taxonomy":"category","embeddable":true,"href":"https:\/\/hablemosclarotdf.com.ar\/index.php?rest_route=%2Fwp%2Fv2%2Fcategories&post=15781"},{"taxonomy":"post_tag","embeddable":true,"href":"https:\/\/hablemosclarotdf.com.ar\/index.php?rest_route=%2Fwp%2Fv2%2Ftags&post=15781"}],"curies":[{"name":"wp","href":"https:\/\/api.w.org\/{rel}","templated":true}]}}