{"id":15761,"date":"2024-10-22T14:53:06","date_gmt":"2024-10-22T17:53:06","guid":{"rendered":"https:\/\/hablemosclarotdf.com.ar\/?p=15761"},"modified":"2024-10-22T14:53:06","modified_gmt":"2024-10-22T17:53:06","slug":"ushuaia-la-municipalidad-inaugurara-los-murales-fueguinas-en-el-paseo-de-la-mujer","status":"publish","type":"post","link":"https:\/\/hablemosclarotdf.com.ar\/?p=15761","title":{"rendered":"USHUAIA : LA MUNICIPALIDAD  INAUGURAR\u00c1 LOS MURALES \u201cFUEGUINAS\u201d EN EL PASEO DE LA MUJER"},"content":{"rendered":"<p>El acto se llevar\u00e1 adelante este s\u00e1bado 26 a las 16:00 horas<\/p>\n<p>La Secretar\u00eda de Cultura y Educaci\u00f3n de la Municipalidad de Ushuaia llevar\u00e1 adelante la inauguraci\u00f3n de la colecci\u00f3n de murales \u201cFueguinas\u201d este s\u00e1bado 26 de octubre a las 16:00 horas en el Paseo de la Mujer ubicado en el Puente del R\u00edo Pipo.<br \/>\nLa propuesta, impulsada por el Programa de Muralismo, retrata en esta primera instancia a cuatro artistas mujeres que a trav\u00e9s de su obra colaboraron en la construcci\u00f3n de la fueguinidad. As\u00ed, se develar\u00e1n los murales de Nancy Pardo, artista pl\u00e1stica y docente fundadora del Polivalente de Arte, Enriqueta Gastelumendi, escultora que tuvo la tarea de confeccionar la llave de la ciudad, Anah\u00ed Lazzaroni, poetisa y codirectora de revista \u201cAldea\u201d, y Nin\u00ed Bernardello, poeta y artista visual que recibi\u00f3 la Menci\u00f3n Especial del jurado de los Premios Nacionales del Ministerio de Cultural de la Naci\u00f3n.<br \/>\nBel\u00e9n Molina, secretaria de Cultura y Educaci\u00f3n, subray\u00f3 que \u201cnos llena de orgullo presentarle a las vecinas y vecinos este espacio que retratar\u00e1 la profusa y variada obra de estas mujeres artistas, que a trav\u00e9s de su trabajo, han formado parte integral de nuestra cultura como fueguinos y fueguinas\u201d.<br \/>\nAsimismo, la funcionaria adelant\u00f3 que \u201cesta inauguraci\u00f3n es la primera parte de este proyecto, que a futuro sumar\u00e1 dos nuevas intervenciones en el Paseo de la Mujer homenajeando a Lola Kiepja, voz del canto cham\u00e1nico Selk&#8217;nam, y a Nelly Iris Penazzo, investigadora de la cultura Selk&#8217;nam y poetisa bajo su pseud\u00f3nimo Alba Chaman. Desde la gesti\u00f3n municipal vamos a continuar trabajando en propuestas que visibilicen el aporte art\u00edstico a nuestra cultura e identidad fueguina acercando nuestra historia y patrimonio a toda la comunidad a trav\u00e9s de esta galer\u00eda a cielo abierto que tenemos en Ushuaia\u201d.<\/p>\n","protected":false},"excerpt":{"rendered":"<p>El acto se llevar\u00e1 adelante este s\u00e1bado 26 a las 16:00 horas La Secretar\u00eda de&#8230;<\/p>\n","protected":false},"author":1,"featured_media":15762,"comment_status":"closed","ping_status":"closed","sticky":false,"template":"","format":"standard","meta":{"footnotes":""},"categories":[3],"tags":[],"class_list":["post-15761","post","type-post","status-publish","format-standard","has-post-thumbnail","hentry","category-noticias"],"jetpack_featured_media_url":"https:\/\/hablemosclarotdf.com.ar\/wp-content\/uploads\/2024\/10\/photo_2024-10-22_14-52-05.jpg","_links":{"self":[{"href":"https:\/\/hablemosclarotdf.com.ar\/index.php?rest_route=\/wp\/v2\/posts\/15761","targetHints":{"allow":["GET"]}}],"collection":[{"href":"https:\/\/hablemosclarotdf.com.ar\/index.php?rest_route=\/wp\/v2\/posts"}],"about":[{"href":"https:\/\/hablemosclarotdf.com.ar\/index.php?rest_route=\/wp\/v2\/types\/post"}],"author":[{"embeddable":true,"href":"https:\/\/hablemosclarotdf.com.ar\/index.php?rest_route=\/wp\/v2\/users\/1"}],"replies":[{"embeddable":true,"href":"https:\/\/hablemosclarotdf.com.ar\/index.php?rest_route=%2Fwp%2Fv2%2Fcomments&post=15761"}],"version-history":[{"count":1,"href":"https:\/\/hablemosclarotdf.com.ar\/index.php?rest_route=\/wp\/v2\/posts\/15761\/revisions"}],"predecessor-version":[{"id":15763,"href":"https:\/\/hablemosclarotdf.com.ar\/index.php?rest_route=\/wp\/v2\/posts\/15761\/revisions\/15763"}],"wp:featuredmedia":[{"embeddable":true,"href":"https:\/\/hablemosclarotdf.com.ar\/index.php?rest_route=\/wp\/v2\/media\/15762"}],"wp:attachment":[{"href":"https:\/\/hablemosclarotdf.com.ar\/index.php?rest_route=%2Fwp%2Fv2%2Fmedia&parent=15761"}],"wp:term":[{"taxonomy":"category","embeddable":true,"href":"https:\/\/hablemosclarotdf.com.ar\/index.php?rest_route=%2Fwp%2Fv2%2Fcategories&post=15761"},{"taxonomy":"post_tag","embeddable":true,"href":"https:\/\/hablemosclarotdf.com.ar\/index.php?rest_route=%2Fwp%2Fv2%2Ftags&post=15761"}],"curies":[{"name":"wp","href":"https:\/\/api.w.org\/{rel}","templated":true}]}}