{"id":15758,"date":"2024-10-22T14:46:48","date_gmt":"2024-10-22T17:46:48","guid":{"rendered":"https:\/\/hablemosclarotdf.com.ar\/?p=15758"},"modified":"2024-10-22T14:46:48","modified_gmt":"2024-10-22T17:46:48","slug":"ushuaia-la-municipalidad-llevara-adelante-un-cafe-literario-en-homenaje-a-lucinda-otero-en-el-museo-de-la-ciudad-2","status":"publish","type":"post","link":"https:\/\/hablemosclarotdf.com.ar\/?p=15758","title":{"rendered":"USHUAIA : LA MUNICIPALIDAD LLEVAR\u00c1 ADELANTE UN CAF\u00c9 LITERARIO EN HOMENAJE A LUCINDA OTERO EN EL MUSEO DE LA CIUDAD"},"content":{"rendered":"<p>La propuesta se realizar\u00e1 el viernes 25 de octubre a las 18:00 horas<\/p>\n<p>La Municipalidad de Ushuaia, a trav\u00e9s de la Secretar\u00eda de Cultura y Educaci\u00f3n, llevar\u00e1 adelante este viernes 25 de octubre a las 18:00 horas en el Museo de la Ciudad \u201cCasa Pena\u201d un Caf\u00e9 Literario en homenaje a Lucinda Otero en el marco del 140\u00b0 Aniversario de la Ciudad.<br \/>\nDicha iniciativa har\u00e1 un recorrido por la obra de la reconocida escritora fueguina, recordando los textos \u201cEl Tri\u00e1ngulo de Fuego\u201d, \u201cAntolog\u00eda Ra\u00edces\u201d, \u201cCuentos y Poemas Fueguinos\u201d y \u201cLos Duendes de los Car\u00e1mbanos\u201d. Otero adem\u00e1s fue instrumental en la reapertura de la Biblioteca Popular Sarmiento y la creaci\u00f3n de la Feria Provincial del Libro, siendo declarada Ciudadana Destacada y homenajeada con un mural en calle Kuanip durante el Encuentro Internacional de Muralistas en el Fin del Mundo EMUSH.<br \/>\nBel\u00e9n Molina, secretaria de Cultura, detall\u00f3 que \u201cestamos muy contentos de impulsar este homenaje a una de las grandes artistas de Ushuaia y antigua pobladora que retrat\u00f3 a trav\u00e9s de sus textos nuestra Ushuaia. Lucinda no solo fue una artista, sino una persona activa en la comunidad y la promoci\u00f3n de la lectura\u201d.<br \/>\n\u201cDesde la Secretar\u00eda, vamos a continuar brindando estos espacios donde se visibiliza la historia y cultura fueguina, recordando a aquellos y aquellas que tanto han hecho por su crecimiento y desarrollo\u201d concluy\u00f3 Molina.<\/p>\n","protected":false},"excerpt":{"rendered":"<p>La propuesta se realizar\u00e1 el viernes 25 de octubre a las 18:00 horas La Municipalidad&#8230;<\/p>\n","protected":false},"author":1,"featured_media":15759,"comment_status":"closed","ping_status":"closed","sticky":false,"template":"","format":"standard","meta":{"footnotes":""},"categories":[3],"tags":[],"class_list":["post-15758","post","type-post","status-publish","format-standard","has-post-thumbnail","hentry","category-noticias"],"jetpack_featured_media_url":"https:\/\/hablemosclarotdf.com.ar\/wp-content\/uploads\/2024\/10\/photo_2024-10-22_14-43-20.jpg","_links":{"self":[{"href":"https:\/\/hablemosclarotdf.com.ar\/index.php?rest_route=\/wp\/v2\/posts\/15758","targetHints":{"allow":["GET"]}}],"collection":[{"href":"https:\/\/hablemosclarotdf.com.ar\/index.php?rest_route=\/wp\/v2\/posts"}],"about":[{"href":"https:\/\/hablemosclarotdf.com.ar\/index.php?rest_route=\/wp\/v2\/types\/post"}],"author":[{"embeddable":true,"href":"https:\/\/hablemosclarotdf.com.ar\/index.php?rest_route=\/wp\/v2\/users\/1"}],"replies":[{"embeddable":true,"href":"https:\/\/hablemosclarotdf.com.ar\/index.php?rest_route=%2Fwp%2Fv2%2Fcomments&post=15758"}],"version-history":[{"count":1,"href":"https:\/\/hablemosclarotdf.com.ar\/index.php?rest_route=\/wp\/v2\/posts\/15758\/revisions"}],"predecessor-version":[{"id":15760,"href":"https:\/\/hablemosclarotdf.com.ar\/index.php?rest_route=\/wp\/v2\/posts\/15758\/revisions\/15760"}],"wp:featuredmedia":[{"embeddable":true,"href":"https:\/\/hablemosclarotdf.com.ar\/index.php?rest_route=\/wp\/v2\/media\/15759"}],"wp:attachment":[{"href":"https:\/\/hablemosclarotdf.com.ar\/index.php?rest_route=%2Fwp%2Fv2%2Fmedia&parent=15758"}],"wp:term":[{"taxonomy":"category","embeddable":true,"href":"https:\/\/hablemosclarotdf.com.ar\/index.php?rest_route=%2Fwp%2Fv2%2Fcategories&post=15758"},{"taxonomy":"post_tag","embeddable":true,"href":"https:\/\/hablemosclarotdf.com.ar\/index.php?rest_route=%2Fwp%2Fv2%2Ftags&post=15758"}],"curies":[{"name":"wp","href":"https:\/\/api.w.org\/{rel}","templated":true}]}}