{"id":15708,"date":"2024-10-22T10:06:14","date_gmt":"2024-10-22T13:06:14","guid":{"rendered":"https:\/\/hablemosclarotdf.com.ar\/?p=15708"},"modified":"2024-10-22T10:06:14","modified_gmt":"2024-10-22T13:06:14","slug":"rio-grande-con-alcance-internacional-se-realizaran-las-2das-jornadas-municipales-sobre-cuidados-igualitarios","status":"publish","type":"post","link":"https:\/\/hablemosclarotdf.com.ar\/?p=15708","title":{"rendered":"RIO GRANDE : CON ALCANCE INTERNACIONAL, SE REALIZAR\u00c1N LAS \u201c2DAS JORNADAS MUNICIPALES SOBRE CUIDADOS IGUALITARIOS\u201d"},"content":{"rendered":"<p>Las mismas tendr\u00e1n lugar los d\u00edas martes 29 y mi\u00e9rcoles 30 de octubre, en la Casa de la Cultura y en el Auditorio OSDE. Habr\u00e1 ponencias de diversos disertantes y referentes de la materia a nivel regional, nacional e internacional.<\/p>\n<p>El Municipio de R\u00edo Grande, a trav\u00e9s de la Secretar\u00eda de G\u00e9nero y Desarrollo Comunitario, llevar\u00e1 a cabo las \u201c2das Jornadas Municipales sobre Cuidados Igualitarios\u201d con el objetivo de poner en debate y en la agenda p\u00fablica y medi\u00e1tica, los cuidados en perspectiva igualitaria, licencias, roles e infraestructura.<\/p>\n<p>Las \u201c2das Jornadas Municipales sobre Cuidados Igualitarios\u201d se desarrollar\u00e1n los d\u00edas martes 29 y mi\u00e9rcoles 30 de octubre en la Casa de la Cultura y en el Auditorio OSDE. Contar\u00e1n con la disertaci\u00f3n de reconocidos profesionales, te\u00f3ricos y funcionarios p\u00fablicos del pa\u00eds.<\/p>\n<p>Durante la jornada del martes, disertar\u00e1n: Valentina Perrota, Dra. en Sociolog\u00eda (CLACSO); Flavia Marco Navarro, Abogada, Magister en Derecho Econ\u00f3mico y Especialista en Estudios de G\u00e9nero; Laura Pautassi, Investigadora Principal del CONICET; I\u00f1aki Regueiro, Coordinador de Inclusi\u00f3n, Banco de Desarrollo de Am\u00e9rica Latina y el Caribe; y Karina Brovelli, Jefa de Secci\u00f3n del Servicio Social del Hospital Fern\u00e1ndez.<\/p>\n<p>De igual manera, expondr\u00e1n: Sebasti\u00e1n Waisgrais, Especialista de Monitoreo e Inclusi\u00f3n de UNICEF junto a Mora Straschnoy de ELA; Julia Chalub, Secretaria de Ni\u00f1ez, Adolescencia y Familia, del Municipio de R\u00edo Gallegos; Lorena Ramundo, Subsecretaria de Ni\u00f1ez, adolescencia y Familia, del Municipio de Avellaneda y Malena Galvez, Secretaria Consejo de Mujeres, G\u00e9neros , Diversidad y Derechos Humanos, del Municipio de Ituzaing\u00f3.<\/p>\n<p>A su vez, compartir\u00e1n con los presentes: Luciano Fabbri, Dr. en Ciencias Sociales (UBA), coordinador del \u00c1rea de Masculinidades de la ONG Grow, g\u00e9nero y trabajo; Romina Sanchis, Trabajadora Social, Diplomada en Primeras Infancias, del Municipio de Ituzaing\u00f3 y Pablo Diaz, de la organizaci\u00f3n comunitaria \u201cVientos de Libertad\u201d.<\/p>\n<p>La jornada del mi\u00e9rcoles, por su parte, contara con las ponencias de Claudia Lazzaro, Directora de Empleo del Ministerio de Trabajo, de la Provincia de Buenos Aires; Mariela Pisano, Abogada UBA, Especialista en Derecho Laboral, Columnista y comunicadora legal en CRONICA HD; Dora Sanchez, referenta de la \u201cUni\u00f3n de Empleadas Dom\u00e9sticas de Tierra del Fuego\u201d; Luciana Fainsten: Coordinadora de G\u00e9nero del Banco de Desarrollo de Am\u00e9rica Latina y el Caribe; Iris Pezzarini, Directora Provincial de Formaci\u00f3n, Investigaci\u00f3n y Politicas Culturales para la Igualdad, del Ministerio de las Mujeres y Diversidad, Provincia de Buenos Aires; Sara Delgado, Secretaria de Gobierno, Municipio de R\u00edo Gallegos, Santa Cruz y Renata Hiller, Secretaria de Mujer, G\u00e9nero, Juventud y Diversidad, del Municipio de Comodoro Rivadavia, Chubut.<\/p>\n<p>A su vez, har\u00e1n lo propio, Cristina Aboitiz, Contadora P\u00fablica con especialidad docente, Diplomada en G\u00e9nero y Sexualidades (UBA), ex Subsecretaria de Personas Adultas Mayores de la Naci\u00f3n; Rosario Romero, Intendenta del Municipio de Paran\u00e1, Entre R\u00edos; Aida Kemelmajer, Doctora honoris causa de universidades europeas y americanas; Natalia De la Torre, Abogada (UBA) Coordinadora del Programa de G\u00e9nero y Derecho de la Facultad de Derecho UBA.<\/p>\n<p>La propuesta est\u00e1 destinada a diversos actores sociales vinculados al desarrollo de esta labor, empresas, cooperativas, comunidad educativa, personal municipal, personal del gobierno provincial, asociaciones de discapacidad, familia y personas con discapacidad, organizaciones sociales y civiles, gremios, Fuerzas Armadas y de seguridad, trabajadoras de casas particulares, centros de jubilados, colegios profesionales y comunidad interesada.<\/p>\n<p>Aquellos interesados en participar de la actividad, deber\u00e1n inscribirse por medio de un link que ser\u00e1 pr\u00f3ximamente difundido, a trav\u00e9s de los medios de comunicaci\u00f3n del Municipio.<\/p>\n<p>Durante las jornadas, se buscar\u00e1 construir un espacio de encuentro y debate sobre cu\u00e1les son los desaf\u00edos locales en el nuevo contexto, con referencia a la implementaci\u00f3n de los sistemas de cuidado y la desigual distribuci\u00f3n de los mismos. Adem\u00e1s de, visibilizar estrategias y acciones comunitarias, destinadas a personas dependientes de cuidado. Con esta propuesta, desde el Municipio se apunta a seguir trabajando en una R\u00edo Grande m\u00e1s justa, m\u00e1s igualitaria y con equidad.<\/p>\n<p><img loading=\"lazy\" decoding=\"async\" class=\"alignnone size-medium wp-image-15710\" src=\"https:\/\/hablemosclarotdf.com.ar\/wp-content\/uploads\/2024\/10\/photo_2024-10-22_10-04-48-300x200.jpg\" alt=\"\" width=\"300\" height=\"200\" srcset=\"https:\/\/hablemosclarotdf.com.ar\/wp-content\/uploads\/2024\/10\/photo_2024-10-22_10-04-48-300x200.jpg 300w, https:\/\/hablemosclarotdf.com.ar\/wp-content\/uploads\/2024\/10\/photo_2024-10-22_10-04-48-768x512.jpg 768w, https:\/\/hablemosclarotdf.com.ar\/wp-content\/uploads\/2024\/10\/photo_2024-10-22_10-04-48.jpg 1024w\" sizes=\"auto, (max-width: 300px) 100vw, 300px\" \/> <img loading=\"lazy\" decoding=\"async\" class=\"alignnone size-medium wp-image-15711\" src=\"https:\/\/hablemosclarotdf.com.ar\/wp-content\/uploads\/2024\/10\/photo_2024-10-22_10-04-52-300x200.jpg\" alt=\"\" width=\"300\" height=\"200\" srcset=\"https:\/\/hablemosclarotdf.com.ar\/wp-content\/uploads\/2024\/10\/photo_2024-10-22_10-04-52-300x200.jpg 300w, https:\/\/hablemosclarotdf.com.ar\/wp-content\/uploads\/2024\/10\/photo_2024-10-22_10-04-52-1024x682.jpg 1024w, https:\/\/hablemosclarotdf.com.ar\/wp-content\/uploads\/2024\/10\/photo_2024-10-22_10-04-52-768x512.jpg 768w, https:\/\/hablemosclarotdf.com.ar\/wp-content\/uploads\/2024\/10\/photo_2024-10-22_10-04-52.jpg 1280w\" sizes=\"auto, (max-width: 300px) 100vw, 300px\" \/><\/p>\n","protected":false},"excerpt":{"rendered":"<p>Las mismas tendr\u00e1n lugar los d\u00edas martes 29 y mi\u00e9rcoles 30 de octubre, en la&#8230;<\/p>\n","protected":false},"author":1,"featured_media":15709,"comment_status":"closed","ping_status":"closed","sticky":false,"template":"","format":"standard","meta":{"footnotes":""},"categories":[3],"tags":[],"class_list":["post-15708","post","type-post","status-publish","format-standard","has-post-thumbnail","hentry","category-noticias"],"jetpack_featured_media_url":"https:\/\/hablemosclarotdf.com.ar\/wp-content\/uploads\/2024\/10\/photo_2024-10-22_10-04-38.jpg","_links":{"self":[{"href":"https:\/\/hablemosclarotdf.com.ar\/index.php?rest_route=\/wp\/v2\/posts\/15708","targetHints":{"allow":["GET"]}}],"collection":[{"href":"https:\/\/hablemosclarotdf.com.ar\/index.php?rest_route=\/wp\/v2\/posts"}],"about":[{"href":"https:\/\/hablemosclarotdf.com.ar\/index.php?rest_route=\/wp\/v2\/types\/post"}],"author":[{"embeddable":true,"href":"https:\/\/hablemosclarotdf.com.ar\/index.php?rest_route=\/wp\/v2\/users\/1"}],"replies":[{"embeddable":true,"href":"https:\/\/hablemosclarotdf.com.ar\/index.php?rest_route=%2Fwp%2Fv2%2Fcomments&post=15708"}],"version-history":[{"count":1,"href":"https:\/\/hablemosclarotdf.com.ar\/index.php?rest_route=\/wp\/v2\/posts\/15708\/revisions"}],"predecessor-version":[{"id":15712,"href":"https:\/\/hablemosclarotdf.com.ar\/index.php?rest_route=\/wp\/v2\/posts\/15708\/revisions\/15712"}],"wp:featuredmedia":[{"embeddable":true,"href":"https:\/\/hablemosclarotdf.com.ar\/index.php?rest_route=\/wp\/v2\/media\/15709"}],"wp:attachment":[{"href":"https:\/\/hablemosclarotdf.com.ar\/index.php?rest_route=%2Fwp%2Fv2%2Fmedia&parent=15708"}],"wp:term":[{"taxonomy":"category","embeddable":true,"href":"https:\/\/hablemosclarotdf.com.ar\/index.php?rest_route=%2Fwp%2Fv2%2Fcategories&post=15708"},{"taxonomy":"post_tag","embeddable":true,"href":"https:\/\/hablemosclarotdf.com.ar\/index.php?rest_route=%2Fwp%2Fv2%2Ftags&post=15708"}],"curies":[{"name":"wp","href":"https:\/\/api.w.org\/{rel}","templated":true}]}}