{"id":15653,"date":"2024-10-21T17:59:28","date_gmt":"2024-10-21T20:59:28","guid":{"rendered":"https:\/\/hablemosclarotdf.com.ar\/?p=15653"},"modified":"2024-10-21T17:59:28","modified_gmt":"2024-10-21T20:59:28","slug":"se-realizo-en-ushuaia-el-cierre-de-los-juegos-fueguinos-2024","status":"publish","type":"post","link":"https:\/\/hablemosclarotdf.com.ar\/?p=15653","title":{"rendered":"SE REALIZ\u00d3 EN USHUAIA EL CIERRE DE LOS JUEGOS FUEGUINOS 2024"},"content":{"rendered":"<p>Se llev\u00f3 a cabo en la Casa del Deporte de la ciudad de Ushuaia el cierre de los Juegos Provinciales Fueguinos 2024, donde los campeones y campeonas residentes de la ciudad capital obtuvieron el primer y segundo puesto en la etapa final.<\/p>\n<p>La Secretar\u00eda de Deportes zona sur prepar\u00f3 para los galardonados y galardonadas trofeos y placas de reconocimiento. Asimismo se otorgaron premios a los segundos puestos, gorras y souvenirs de la mascota \u201cAlbi\u201d, reconociendo tambi\u00e9n a importantes colaboradores de este certamen provincial.<\/p>\n<p>Posteriormente se dispuso una pantalla gigante en la cual se proyectaron im\u00e1genes y videos de todas las instancias deportivas que dur\u00f3 el certamen, en donde los atletas y familiares invitados pudieron ver reflejado momentos importantes y emotivos de los Juegos Fueguinos.<\/p>\n<p>La Subsecretaria de Deportes zona sur, Prof. Natalia Mu\u00f1oz coment\u00f3 al respecto que \u201clos Juegos Deportivos Fueguinos son el m\u00e1ximo evento deportivo que encara la Secretar\u00eda de Deportes, donde se ve reflejado durante varios meses el potencial deportivo de nuestros atletas en toda Tierra del Fuego\u201d.<\/p>\n<p>Asimismo agreg\u00f3 que \u201cdestacamos y agradecemos el acompa\u00f1amiento de las familias e instituciones que hicieron su aporte para que cada una de las instancias fuera posible\u201d.<\/p>\n<p>El pr\u00f3ximo viernes 25 de octubre en el Polideportivo Mar\u00eda Auxiliadora de R\u00edo Grande se realizar\u00e1 lo propio en una fiesta para homenajear a los deportistas que participaron durante estos meses. Ser\u00e1 a partir de las 20 horas. Desde la Secretar\u00eda de Deportes se invita a deportistas, sus familias, referentes de clubes, asociaciones y federaciones a ser parte de este evento.<\/p>\n<p><img loading=\"lazy\" decoding=\"async\" class=\"alignnone size-medium wp-image-15655\" src=\"https:\/\/hablemosclarotdf.com.ar\/wp-content\/uploads\/2024\/10\/photo_2024-10-21_17-58-11-300x200.jpg\" alt=\"\" width=\"300\" height=\"200\" srcset=\"https:\/\/hablemosclarotdf.com.ar\/wp-content\/uploads\/2024\/10\/photo_2024-10-21_17-58-11-300x200.jpg 300w, https:\/\/hablemosclarotdf.com.ar\/wp-content\/uploads\/2024\/10\/photo_2024-10-21_17-58-11-1024x682.jpg 1024w, https:\/\/hablemosclarotdf.com.ar\/wp-content\/uploads\/2024\/10\/photo_2024-10-21_17-58-11-768x512.jpg 768w, https:\/\/hablemosclarotdf.com.ar\/wp-content\/uploads\/2024\/10\/photo_2024-10-21_17-58-11.jpg 1280w\" sizes=\"auto, (max-width: 300px) 100vw, 300px\" \/> <img loading=\"lazy\" decoding=\"async\" class=\"alignnone size-medium wp-image-15656\" src=\"https:\/\/hablemosclarotdf.com.ar\/wp-content\/uploads\/2024\/10\/photo_2024-10-21_17-58-15-300x200.jpg\" alt=\"\" width=\"300\" height=\"200\" srcset=\"https:\/\/hablemosclarotdf.com.ar\/wp-content\/uploads\/2024\/10\/photo_2024-10-21_17-58-15-300x200.jpg 300w, https:\/\/hablemosclarotdf.com.ar\/wp-content\/uploads\/2024\/10\/photo_2024-10-21_17-58-15-1024x682.jpg 1024w, https:\/\/hablemosclarotdf.com.ar\/wp-content\/uploads\/2024\/10\/photo_2024-10-21_17-58-15-768x512.jpg 768w, https:\/\/hablemosclarotdf.com.ar\/wp-content\/uploads\/2024\/10\/photo_2024-10-21_17-58-15.jpg 1280w\" sizes=\"auto, (max-width: 300px) 100vw, 300px\" \/><\/p>\n","protected":false},"excerpt":{"rendered":"<p>Se llev\u00f3 a cabo en la Casa del Deporte de la ciudad de Ushuaia el&#8230;<\/p>\n","protected":false},"author":1,"featured_media":15654,"comment_status":"closed","ping_status":"closed","sticky":false,"template":"","format":"standard","meta":{"footnotes":""},"categories":[3],"tags":[],"class_list":["post-15653","post","type-post","status-publish","format-standard","has-post-thumbnail","hentry","category-noticias"],"jetpack_featured_media_url":"https:\/\/hablemosclarotdf.com.ar\/wp-content\/uploads\/2024\/10\/photo_2024-10-21_17-58-07.jpg","_links":{"self":[{"href":"https:\/\/hablemosclarotdf.com.ar\/index.php?rest_route=\/wp\/v2\/posts\/15653","targetHints":{"allow":["GET"]}}],"collection":[{"href":"https:\/\/hablemosclarotdf.com.ar\/index.php?rest_route=\/wp\/v2\/posts"}],"about":[{"href":"https:\/\/hablemosclarotdf.com.ar\/index.php?rest_route=\/wp\/v2\/types\/post"}],"author":[{"embeddable":true,"href":"https:\/\/hablemosclarotdf.com.ar\/index.php?rest_route=\/wp\/v2\/users\/1"}],"replies":[{"embeddable":true,"href":"https:\/\/hablemosclarotdf.com.ar\/index.php?rest_route=%2Fwp%2Fv2%2Fcomments&post=15653"}],"version-history":[{"count":1,"href":"https:\/\/hablemosclarotdf.com.ar\/index.php?rest_route=\/wp\/v2\/posts\/15653\/revisions"}],"predecessor-version":[{"id":15657,"href":"https:\/\/hablemosclarotdf.com.ar\/index.php?rest_route=\/wp\/v2\/posts\/15653\/revisions\/15657"}],"wp:featuredmedia":[{"embeddable":true,"href":"https:\/\/hablemosclarotdf.com.ar\/index.php?rest_route=\/wp\/v2\/media\/15654"}],"wp:attachment":[{"href":"https:\/\/hablemosclarotdf.com.ar\/index.php?rest_route=%2Fwp%2Fv2%2Fmedia&parent=15653"}],"wp:term":[{"taxonomy":"category","embeddable":true,"href":"https:\/\/hablemosclarotdf.com.ar\/index.php?rest_route=%2Fwp%2Fv2%2Fcategories&post=15653"},{"taxonomy":"post_tag","embeddable":true,"href":"https:\/\/hablemosclarotdf.com.ar\/index.php?rest_route=%2Fwp%2Fv2%2Ftags&post=15653"}],"curies":[{"name":"wp","href":"https:\/\/api.w.org\/{rel}","templated":true}]}}