{"id":15625,"date":"2024-10-21T17:33:58","date_gmt":"2024-10-21T20:33:58","guid":{"rendered":"https:\/\/hablemosclarotdf.com.ar\/?p=15625"},"modified":"2024-10-21T17:33:58","modified_gmt":"2024-10-21T20:33:58","slug":"ushuaia-la-municipalidad-invita-a-la-exposicion-fotografica-noche-magica-con-d10s","status":"publish","type":"post","link":"https:\/\/hablemosclarotdf.com.ar\/?p=15625","title":{"rendered":"USHUAIA : LA MUNICIPALIDAD  INVITA A LA EXPOSICI\u00d3N FOTOGR\u00c1FICA \u201cNOCHE M\u00c1GICA CON D10S\u201d"},"content":{"rendered":"<p>La muestra recorrer\u00e1 el aspecto m\u00e1s humano de Maradona en la Antigua Casa Beban<\/p>\n<p>La Municipalidad de Ushuaia, en una iniciativa impulsada por la Secretar\u00eda de Cultura y Educaci\u00f3n, invita a vecinos y vecinas a visitar la exposici\u00f3n fotogr\u00e1fica \u201cNoche M\u00e1gica con D10S\u201d en la Antigua Casa Beban. La misma podr\u00e1 ser visitada desde el martes 22 hasta el jueves 31 de octubre de lunes a viernes de 10:00 a 18:00 horas y los d\u00edas s\u00e1bado de 15:00 a 19:00 horas.<br \/>\nLa exposici\u00f3n, que muestra el lado m\u00e1s humano del \u00eddolo popular Diego Armando Maradona y es impulsada por el concejal Nicol\u00e1s Pelloli, exhibir\u00e1 fotograf\u00edas de Sebasti\u00e1n Dirube qui\u00e9n trabaj\u00f3 junto al \u201c10\u201d durante su etapa en el Showbol y acompa\u00f1\u00f3 a la Selecci\u00f3n Argentina en el mundial de Sud\u00e1frica 2010. En el aniversario del natalicio del astro futbol\u00edstico, el d\u00eda mi\u00e9rcoles 30 de octubre, se realizar\u00e1 un homenaje a las 18:00 horas en Casa Beban.<br \/>\nBel\u00e9n Molina, secretaria de Cultura y Educaci\u00f3n, resalt\u00f3 que \u201cabrimos nuestra ic\u00f3nica Casa Beban a una exhibici\u00f3n que nos acerca al costado m\u00e1s humano de una de nuestras figuras m\u00e1s destacadas como es el Diego. All\u00ed, a trav\u00e9s del lente de Sebasti\u00e1n, podremos conocer otra de las m\u00faltiples facetas del \u00eddolo popular y su paso como director t\u00e9cnico por nuestro seleccionado nacional al que tantas alegr\u00edas le dio\u201d.<br \/>\nPor su parte, el fot\u00f3grafo Sebasti\u00e1n Dirube, mencion\u00f3 que \u201ces un orgullo para mi junto a la Municipalidad y el concejal Pelloli presentar esta muestra de fotos in\u00e9ditas de Diego Armando Maradona. En este contexto tan particular que atraviesa nuestro pa\u00eds, es importante recordarlo al Diego, que siempre estuvo del lado de las minor\u00edas y los m\u00e1s necesitados\u201d.<br \/>\n\u201cEs importante para mi como artista poder ser parte de una de las propuestas que con la decisi\u00f3n y pol\u00edtica p\u00fablica pone en valor nuestra cultura popular llev\u00e1ndola al alcance de las y los vecinos. El arte es indispensable y una herramienta de expresi\u00f3n para defender nuestra identidad argentina en estos tiempos donde tanto se la ataca. Espero puedan disfrutar todos y todas desde la fotograf\u00eda a este \u00eddolo en su aspecto m\u00e1s terrenal y humano\u201d finaliz\u00f3 Dirube.<\/p>\n<p><img loading=\"lazy\" decoding=\"async\" class=\"alignnone size-medium wp-image-15630\" src=\"https:\/\/hablemosclarotdf.com.ar\/wp-content\/uploads\/2024\/10\/photo_2024-10-21_17-33-02-240x300.jpg\" alt=\"\" width=\"240\" height=\"300\" srcset=\"https:\/\/hablemosclarotdf.com.ar\/wp-content\/uploads\/2024\/10\/photo_2024-10-21_17-33-02-240x300.jpg 240w, https:\/\/hablemosclarotdf.com.ar\/wp-content\/uploads\/2024\/10\/photo_2024-10-21_17-33-02-819x1024.jpg 819w, https:\/\/hablemosclarotdf.com.ar\/wp-content\/uploads\/2024\/10\/photo_2024-10-21_17-33-02-768x960.jpg 768w, https:\/\/hablemosclarotdf.com.ar\/wp-content\/uploads\/2024\/10\/photo_2024-10-21_17-33-02.jpg 1024w\" sizes=\"auto, (max-width: 240px) 100vw, 240px\" \/> <img loading=\"lazy\" decoding=\"async\" class=\"alignnone size-medium wp-image-15631\" src=\"https:\/\/hablemosclarotdf.com.ar\/wp-content\/uploads\/2024\/10\/photo_2024-10-21_17-33-06-240x300.jpg\" alt=\"\" width=\"240\" height=\"300\" srcset=\"https:\/\/hablemosclarotdf.com.ar\/wp-content\/uploads\/2024\/10\/photo_2024-10-21_17-33-06-240x300.jpg 240w, https:\/\/hablemosclarotdf.com.ar\/wp-content\/uploads\/2024\/10\/photo_2024-10-21_17-33-06-819x1024.jpg 819w, https:\/\/hablemosclarotdf.com.ar\/wp-content\/uploads\/2024\/10\/photo_2024-10-21_17-33-06-768x960.jpg 768w, https:\/\/hablemosclarotdf.com.ar\/wp-content\/uploads\/2024\/10\/photo_2024-10-21_17-33-06.jpg 1024w\" sizes=\"auto, (max-width: 240px) 100vw, 240px\" \/> <img loading=\"lazy\" decoding=\"async\" class=\"alignnone size-medium wp-image-15632\" src=\"https:\/\/hablemosclarotdf.com.ar\/wp-content\/uploads\/2024\/10\/photo_2024-10-21_17-33-15-169x300.jpg\" alt=\"\" width=\"169\" height=\"300\" srcset=\"https:\/\/hablemosclarotdf.com.ar\/wp-content\/uploads\/2024\/10\/photo_2024-10-21_17-33-15-169x300.jpg 169w, https:\/\/hablemosclarotdf.com.ar\/wp-content\/uploads\/2024\/10\/photo_2024-10-21_17-33-15-575x1024.jpg 575w, https:\/\/hablemosclarotdf.com.ar\/wp-content\/uploads\/2024\/10\/photo_2024-10-21_17-33-15.jpg 719w\" sizes=\"auto, (max-width: 169px) 100vw, 169px\" \/><\/p>\n","protected":false},"excerpt":{"rendered":"<p>La muestra recorrer\u00e1 el aspecto m\u00e1s humano de Maradona en la Antigua Casa Beban La&#8230;<\/p>\n","protected":false},"author":1,"featured_media":15629,"comment_status":"closed","ping_status":"closed","sticky":false,"template":"","format":"standard","meta":{"footnotes":""},"categories":[3],"tags":[],"class_list":["post-15625","post","type-post","status-publish","format-standard","has-post-thumbnail","hentry","category-noticias"],"jetpack_featured_media_url":"https:\/\/hablemosclarotdf.com.ar\/wp-content\/uploads\/2024\/10\/photo_2024-10-21_17-31-09.jpg","_links":{"self":[{"href":"https:\/\/hablemosclarotdf.com.ar\/index.php?rest_route=\/wp\/v2\/posts\/15625","targetHints":{"allow":["GET"]}}],"collection":[{"href":"https:\/\/hablemosclarotdf.com.ar\/index.php?rest_route=\/wp\/v2\/posts"}],"about":[{"href":"https:\/\/hablemosclarotdf.com.ar\/index.php?rest_route=\/wp\/v2\/types\/post"}],"author":[{"embeddable":true,"href":"https:\/\/hablemosclarotdf.com.ar\/index.php?rest_route=\/wp\/v2\/users\/1"}],"replies":[{"embeddable":true,"href":"https:\/\/hablemosclarotdf.com.ar\/index.php?rest_route=%2Fwp%2Fv2%2Fcomments&post=15625"}],"version-history":[{"count":1,"href":"https:\/\/hablemosclarotdf.com.ar\/index.php?rest_route=\/wp\/v2\/posts\/15625\/revisions"}],"predecessor-version":[{"id":15633,"href":"https:\/\/hablemosclarotdf.com.ar\/index.php?rest_route=\/wp\/v2\/posts\/15625\/revisions\/15633"}],"wp:featuredmedia":[{"embeddable":true,"href":"https:\/\/hablemosclarotdf.com.ar\/index.php?rest_route=\/wp\/v2\/media\/15629"}],"wp:attachment":[{"href":"https:\/\/hablemosclarotdf.com.ar\/index.php?rest_route=%2Fwp%2Fv2%2Fmedia&parent=15625"}],"wp:term":[{"taxonomy":"category","embeddable":true,"href":"https:\/\/hablemosclarotdf.com.ar\/index.php?rest_route=%2Fwp%2Fv2%2Fcategories&post=15625"},{"taxonomy":"post_tag","embeddable":true,"href":"https:\/\/hablemosclarotdf.com.ar\/index.php?rest_route=%2Fwp%2Fv2%2Ftags&post=15625"}],"curies":[{"name":"wp","href":"https:\/\/api.w.org\/{rel}","templated":true}]}}