{"id":15616,"date":"2024-10-21T17:25:33","date_gmt":"2024-10-21T20:25:33","guid":{"rendered":"https:\/\/hablemosclarotdf.com.ar\/?p=15616"},"modified":"2024-10-21T17:25:33","modified_gmt":"2024-10-21T20:25:33","slug":"ushuaia-continental-cup-vuoto-recorrio-los-trabajos-de-reacondicionamiento-del-microestadio-cochocho-vargas","status":"publish","type":"post","link":"https:\/\/hablemosclarotdf.com.ar\/?p=15616","title":{"rendered":"USHUAIA : CONTINENTAL CUP: VUOTO RECORRI\u00d3 LOS TRABAJOS DE REACONDICIONAMIENTO DEL MICROESTADIO \u201cCOCHOCHO\u201d VARGAS"},"content":{"rendered":"<p>El torneo de futsal se iniciar\u00e1 el 25 de octubre<\/p>\n<p>El intendente de Ushuaia, Walter Vuoto, recorri\u00f3 las instalaciones del microestadio Jos\u00e9 \u201cCochocho\u201d Vargas para evaluar los trabajos de reacondicionamiento que se llevan adelante, de cara al inicio de la Continental Cup de futsal que disputar\u00e1n 12 equipos de tres continentes.<br \/>\nEstuvo acompa\u00f1ado por la presidenta del Instituto Municipal de Deportes (IMD), Liliana Gavil\u00e1n; el Jefe de Gabinete, Sebasti\u00e1n Iriarte; por autoridades de la Federaci\u00f3n Ushuaiense de F\u00fatbol de Sal\u00f3n; y por integrantes del Club Casa Magallanes, representante local en la competencia.<br \/>\nGavil\u00e1n se\u00f1al\u00f3 que \u201crealizamos un trabajo de acondicionamiento de los espacios que van a ser sede del campeonato, estamos en la cuenta regresiva, pero vamos a llegar bien al inicio del torneo\u201d.<br \/>\nEn esa l\u00ednea, precis\u00f3 que \u201cse plastific\u00f3 el piso del campo de juego y se lo pint\u00f3, ya que es un espacio que tambi\u00e9n es muy utilizado para actividades extradeportivas\u201d, y adem\u00e1s \u201cse realizaron trabajos en los vestuarios y en los ba\u00f1os, se renovaron luminarias en el campo de juego y se realiz\u00f3 la puesta a punto del albergue municipal donde se van a alojar los \u00e1rbitros\u201d.<br \/>\nAdem\u00e1s, dijo que \u201cse van a colocar gradas para la ocasi\u00f3n ya que se espera por jornada entre mil y 1.500 personas, y tambi\u00e9n se hizo un reacondicionamiento de esas estructuras\u201d.<br \/>\nLa titular del IMD destac\u00f3 que el evento \u201cse enmarca en el 140\u00ba aniversario de la ciudad y como Estado municipal acompa\u00f1amos la realizaci\u00f3n de este torneo como lo hacemos con todas las actividades deportivas\u201d. Y agreg\u00f3 que \u201cestamos en una ciudad salonera, tenemos entre 2.500 y 3.000 personas federadas que juegan al futsal, y ese es un dato del arraigo de este deporte en Ushuaia.<br \/>\nPor \u00faltimo, Gavil\u00e1n remarc\u00f3 que la Continental Cup \u201ctambi\u00e9n va a tener un impacto en lo tur\u00edstico ya que vincula a tres continentes y va a posicionar a la ciudad a nivel internacional\u201d, teniendo en cuenta que \u201cadem\u00e1s de la llegada de personas vinculadas a todas las delegaciones, el torneo va a ser transmitido a todo el mundo\u201d.<\/p>\n<p><img loading=\"lazy\" decoding=\"async\" class=\"alignnone size-medium wp-image-15618\" src=\"https:\/\/hablemosclarotdf.com.ar\/wp-content\/uploads\/2024\/10\/photo_2024-10-21_17-23-06-200x300.jpg\" alt=\"\" width=\"200\" height=\"300\" srcset=\"https:\/\/hablemosclarotdf.com.ar\/wp-content\/uploads\/2024\/10\/photo_2024-10-21_17-23-06-200x300.jpg 200w, https:\/\/hablemosclarotdf.com.ar\/wp-content\/uploads\/2024\/10\/photo_2024-10-21_17-23-06-682x1024.jpg 682w, https:\/\/hablemosclarotdf.com.ar\/wp-content\/uploads\/2024\/10\/photo_2024-10-21_17-23-06.jpg 713w\" sizes=\"auto, (max-width: 200px) 100vw, 200px\" \/> <img loading=\"lazy\" decoding=\"async\" class=\"alignnone size-medium wp-image-15619\" src=\"https:\/\/hablemosclarotdf.com.ar\/wp-content\/uploads\/2024\/10\/photo_2024-10-21_17-23-11-300x201.jpg\" alt=\"\" width=\"300\" height=\"201\" srcset=\"https:\/\/hablemosclarotdf.com.ar\/wp-content\/uploads\/2024\/10\/photo_2024-10-21_17-23-11-300x201.jpg 300w, https:\/\/hablemosclarotdf.com.ar\/wp-content\/uploads\/2024\/10\/photo_2024-10-21_17-23-11-1024x685.jpg 1024w, https:\/\/hablemosclarotdf.com.ar\/wp-content\/uploads\/2024\/10\/photo_2024-10-21_17-23-11-768x514.jpg 768w, https:\/\/hablemosclarotdf.com.ar\/wp-content\/uploads\/2024\/10\/photo_2024-10-21_17-23-11.jpg 1196w\" sizes=\"auto, (max-width: 300px) 100vw, 300px\" \/> <img loading=\"lazy\" decoding=\"async\" class=\"alignnone size-medium wp-image-15620\" src=\"https:\/\/hablemosclarotdf.com.ar\/wp-content\/uploads\/2024\/10\/photo_2024-10-21_17-23-37-300x197.jpg\" alt=\"\" width=\"300\" height=\"197\" srcset=\"https:\/\/hablemosclarotdf.com.ar\/wp-content\/uploads\/2024\/10\/photo_2024-10-21_17-23-37-300x197.jpg 300w, https:\/\/hablemosclarotdf.com.ar\/wp-content\/uploads\/2024\/10\/photo_2024-10-21_17-23-37-1024x673.jpg 1024w, https:\/\/hablemosclarotdf.com.ar\/wp-content\/uploads\/2024\/10\/photo_2024-10-21_17-23-37-768x505.jpg 768w, https:\/\/hablemosclarotdf.com.ar\/wp-content\/uploads\/2024\/10\/photo_2024-10-21_17-23-37.jpg 1111w\" sizes=\"auto, (max-width: 300px) 100vw, 300px\" \/> <img loading=\"lazy\" decoding=\"async\" class=\"alignnone size-medium wp-image-15621\" src=\"https:\/\/hablemosclarotdf.com.ar\/wp-content\/uploads\/2024\/10\/photo_2024-10-21_17-23-45-199x300.jpg\" alt=\"\" width=\"199\" height=\"300\" srcset=\"https:\/\/hablemosclarotdf.com.ar\/wp-content\/uploads\/2024\/10\/photo_2024-10-21_17-23-45-199x300.jpg 199w, https:\/\/hablemosclarotdf.com.ar\/wp-content\/uploads\/2024\/10\/photo_2024-10-21_17-23-45-679x1024.jpg 679w, https:\/\/hablemosclarotdf.com.ar\/wp-content\/uploads\/2024\/10\/photo_2024-10-21_17-23-45.jpg 731w\" sizes=\"auto, (max-width: 199px) 100vw, 199px\" \/> <img loading=\"lazy\" decoding=\"async\" class=\"alignnone size-medium wp-image-15622\" src=\"https:\/\/hablemosclarotdf.com.ar\/wp-content\/uploads\/2024\/10\/photo_2024-10-21_17-23-52-300x198.jpg\" alt=\"\" width=\"300\" height=\"198\" srcset=\"https:\/\/hablemosclarotdf.com.ar\/wp-content\/uploads\/2024\/10\/photo_2024-10-21_17-23-52-300x198.jpg 300w, https:\/\/hablemosclarotdf.com.ar\/wp-content\/uploads\/2024\/10\/photo_2024-10-21_17-23-52-1024x676.jpg 1024w, https:\/\/hablemosclarotdf.com.ar\/wp-content\/uploads\/2024\/10\/photo_2024-10-21_17-23-52-768x507.jpg 768w, https:\/\/hablemosclarotdf.com.ar\/wp-content\/uploads\/2024\/10\/photo_2024-10-21_17-23-52.jpg 1122w\" sizes=\"auto, (max-width: 300px) 100vw, 300px\" \/> <img loading=\"lazy\" decoding=\"async\" class=\"alignnone size-medium wp-image-15623\" src=\"https:\/\/hablemosclarotdf.com.ar\/wp-content\/uploads\/2024\/10\/photo_2024-10-21_17-23-56-200x300.jpg\" alt=\"\" width=\"200\" height=\"300\" srcset=\"https:\/\/hablemosclarotdf.com.ar\/wp-content\/uploads\/2024\/10\/photo_2024-10-21_17-23-56-200x300.jpg 200w, https:\/\/hablemosclarotdf.com.ar\/wp-content\/uploads\/2024\/10\/photo_2024-10-21_17-23-56-682x1024.jpg 682w, https:\/\/hablemosclarotdf.com.ar\/wp-content\/uploads\/2024\/10\/photo_2024-10-21_17-23-56-768x1152.jpg 768w, https:\/\/hablemosclarotdf.com.ar\/wp-content\/uploads\/2024\/10\/photo_2024-10-21_17-23-56.jpg 853w\" sizes=\"auto, (max-width: 200px) 100vw, 200px\" \/><\/p>\n","protected":false},"excerpt":{"rendered":"<p>El torneo de futsal se iniciar\u00e1 el 25 de octubre El intendente de Ushuaia, Walter&#8230;<\/p>\n","protected":false},"author":1,"featured_media":15617,"comment_status":"closed","ping_status":"closed","sticky":false,"template":"","format":"standard","meta":{"footnotes":""},"categories":[3],"tags":[],"class_list":["post-15616","post","type-post","status-publish","format-standard","has-post-thumbnail","hentry","category-noticias"],"jetpack_featured_media_url":"https:\/\/hablemosclarotdf.com.ar\/wp-content\/uploads\/2024\/10\/photo_2024-10-21_17-22-51.jpg","_links":{"self":[{"href":"https:\/\/hablemosclarotdf.com.ar\/index.php?rest_route=\/wp\/v2\/posts\/15616","targetHints":{"allow":["GET"]}}],"collection":[{"href":"https:\/\/hablemosclarotdf.com.ar\/index.php?rest_route=\/wp\/v2\/posts"}],"about":[{"href":"https:\/\/hablemosclarotdf.com.ar\/index.php?rest_route=\/wp\/v2\/types\/post"}],"author":[{"embeddable":true,"href":"https:\/\/hablemosclarotdf.com.ar\/index.php?rest_route=\/wp\/v2\/users\/1"}],"replies":[{"embeddable":true,"href":"https:\/\/hablemosclarotdf.com.ar\/index.php?rest_route=%2Fwp%2Fv2%2Fcomments&post=15616"}],"version-history":[{"count":1,"href":"https:\/\/hablemosclarotdf.com.ar\/index.php?rest_route=\/wp\/v2\/posts\/15616\/revisions"}],"predecessor-version":[{"id":15624,"href":"https:\/\/hablemosclarotdf.com.ar\/index.php?rest_route=\/wp\/v2\/posts\/15616\/revisions\/15624"}],"wp:featuredmedia":[{"embeddable":true,"href":"https:\/\/hablemosclarotdf.com.ar\/index.php?rest_route=\/wp\/v2\/media\/15617"}],"wp:attachment":[{"href":"https:\/\/hablemosclarotdf.com.ar\/index.php?rest_route=%2Fwp%2Fv2%2Fmedia&parent=15616"}],"wp:term":[{"taxonomy":"category","embeddable":true,"href":"https:\/\/hablemosclarotdf.com.ar\/index.php?rest_route=%2Fwp%2Fv2%2Fcategories&post=15616"},{"taxonomy":"post_tag","embeddable":true,"href":"https:\/\/hablemosclarotdf.com.ar\/index.php?rest_route=%2Fwp%2Fv2%2Ftags&post=15616"}],"curies":[{"name":"wp","href":"https:\/\/api.w.org\/{rel}","templated":true}]}}