{"id":15592,"date":"2024-10-21T14:17:52","date_gmt":"2024-10-21T17:17:52","guid":{"rendered":"https:\/\/hablemosclarotdf.com.ar\/?p=15592"},"modified":"2024-10-21T14:17:52","modified_gmt":"2024-10-21T17:17:52","slug":"concluyeron-los-trabajos-de-la-primera-etapa-de-mordernizacion-del-centro-de-distribucion-torelli","status":"publish","type":"post","link":"https:\/\/hablemosclarotdf.com.ar\/?p=15592","title":{"rendered":"CONCLUYERON LOS TRABAJOS DE LA PRIMERA ETAPA DE MORDERNIZACI\u00d3N DEL CENTRO DE DISTRIBUCI\u00d3N TORELLI"},"content":{"rendered":"<p>La Ministra de Obras y Servicios P\u00fablicos de la provincia, Gabriela Castillo, se refiri\u00f3 a la culminaci\u00f3n de los trabajos planificados para el \u00faltimo fin de semana \u00faltimo, que concluyeron este lunes al mediod\u00eda, en el marco del plan de reestructuraci\u00f3n del Centro de Distribuci\u00f3n Torelli de Ushuaia.<\/p>\n<p>Al mismo tiempo, la funcionaria adelant\u00f3 que este martes 22 de octubre habr\u00e1 un corte de suministro el\u00e9ctrico en el sector oeste de la ciudad para llevar adelante la prueba de conexi\u00f3n de los equipos generadores.<\/p>\n<p>Sobre esto, Castillo se\u00f1al\u00f3 que \u201cse llevaron adelante, tal cual estaban planificados, los trabajos de los tres d\u00edas, en horarios de corte a\u00fan menores a lo establecido y pautado originalmente\u201d y agreg\u00f3 que \u201cse instal\u00f3 la totalidad de equipos que estaban previstos\u201d.<\/p>\n<p>En esta l\u00ednea, destac\u00f3 que las tareas se llevaron a cabo en tiempo y forma y anunci\u00f3 que este martes 22 por la ma\u00f1ana habr\u00e1 un corte de suministro el\u00e9ctrico, en el horario de 8 a 10 h., en algunos sectores de la capital fueguina, para llevar adelante las pruebas de conexi\u00f3n de las l\u00edneas 10, 11 y 12.<\/p>\n<p>\u201cConforme al alquiler de los equipos por parte de la Provincia para ampliar la cantidad de generaci\u00f3n, necesitamos hacer un corte el d\u00eda martes por la ma\u00f1ana, de 8 a 10 h., para hacer las pruebas de las conexiones en las l\u00edneas 10, 11 y 12, que involucran la Zona oeste\u201d, precis\u00f3 y sum\u00f3: \u201cla idea es hacer la prueba de la puesta en marcha de los equipos y la activaci\u00f3n de este sistema secundario de generaci\u00f3n\u201d.<\/p>\n<p>Finalmente, Castillo subray\u00f3 que \u201cdurante la semana estaremos anunciando la pr\u00f3xima etapa de cortes de las zonas no contempladas en este fin de semana, para continuar con la misma tarea de colocaci\u00f3n de protecciones\u201d.<\/p>\n<p>Corte programado para el martes 22 de octubre de 8 a 10 h.<br \/>\nAlimentador 10. Barrio-Sector:<br \/>\n\u2022 Gaucho Rivero (excluyendo el sector comprendido entre las calles 12 de octubre \u2013 Provincia Grande \u2013 Kuanip \u2013 Damiana F. de Fique)<br \/>\n\u2022 Barrio San Salvador<br \/>\n\u2022 Centenario<br \/>\n\u2022 El Bosquecito<br \/>\n\u2022 El Libertador<br \/>\n\u2022 Los Fueguinos.<br \/>\nAlimentador 11. Barrio-Sector:<br \/>\n\u2022 Karek\u00e9n<br \/>\n\u2022 Iluminaci\u00f3n de Hip\u00f3lito Yrigoyen entre rotonda de Aeropuerto y rotonda de CADIC<br \/>\n\u2022 Bah\u00eda Golondrina<br \/>\n\u2022 CADIC<br \/>\n\u2022 UNTDF<br \/>\n\u2022 Planta Cloacal Bah\u00eda Golondrina<br \/>\n\u2022 Aeropuerto de Ushuaia<br \/>\n\u2022 Radar<br \/>\n\u2022 Islas Malvinas<br \/>\n\u2022 Casa del Sur<br \/>\n\u2022 Club de Campo<br \/>\n\u2022 Gimnasio Petrina<br \/>\n\u2022 Nuevo edificio INFUETUR<br \/>\n\u2022 Edificio de Jard\u00edn de Infante<br \/>\n\u2022 Barrio R\u00edo Pipo (entre las calles Hip\u00f3lito Yrigoyen \u2013 San Luis hasta Kuanip)<br \/>\n\u2022 Urbanizaci\u00f3n el Recodo<br \/>\n\u2022 Urbanizaci\u00f3n Alto del Pipo<br \/>\n\u2022 Hotel Los \u00d1ires<br \/>\n\u2022 Urbanizaci\u00f3n Cauqu\u00e9n<br \/>\n\u2022 Urbanizaci\u00f3n Alto del Cauqu\u00e9n<br \/>\n\u2022 Urbanizaci\u00f3n Terraza I y Terraza II<br \/>\n\u2022 Urbanizaci\u00f3n Ushuaia Chico<br \/>\n\u2022 Urbanizaci\u00f3n Costa Susana.<br \/>\nAlimentador 12. Barrio-Sector:<br \/>\n\u2022 Urbanizaci\u00f3n IPV R\u00edo Pipo Etapa I y II<br \/>\n\u2022 Urbanizaci\u00f3n Ribera del Pipo.<\/p>\n<p><img loading=\"lazy\" decoding=\"async\" class=\"alignnone size-medium wp-image-15594\" src=\"https:\/\/hablemosclarotdf.com.ar\/wp-content\/uploads\/2024\/10\/photo_2024-10-21_14-15-26-300x200.jpg\" alt=\"\" width=\"300\" height=\"200\" srcset=\"https:\/\/hablemosclarotdf.com.ar\/wp-content\/uploads\/2024\/10\/photo_2024-10-21_14-15-26-300x200.jpg 300w, https:\/\/hablemosclarotdf.com.ar\/wp-content\/uploads\/2024\/10\/photo_2024-10-21_14-15-26-1024x683.jpg 1024w, https:\/\/hablemosclarotdf.com.ar\/wp-content\/uploads\/2024\/10\/photo_2024-10-21_14-15-26-768x512.jpg 768w, https:\/\/hablemosclarotdf.com.ar\/wp-content\/uploads\/2024\/10\/photo_2024-10-21_14-15-26.jpg 1280w\" sizes=\"auto, (max-width: 300px) 100vw, 300px\" \/> <img loading=\"lazy\" decoding=\"async\" class=\"alignnone size-medium wp-image-15595\" src=\"https:\/\/hablemosclarotdf.com.ar\/wp-content\/uploads\/2024\/10\/photo_2024-10-21_14-15-30-300x211.jpg\" alt=\"\" width=\"300\" height=\"211\" srcset=\"https:\/\/hablemosclarotdf.com.ar\/wp-content\/uploads\/2024\/10\/photo_2024-10-21_14-15-30-300x211.jpg 300w, https:\/\/hablemosclarotdf.com.ar\/wp-content\/uploads\/2024\/10\/photo_2024-10-21_14-15-30-1024x722.jpg 1024w, https:\/\/hablemosclarotdf.com.ar\/wp-content\/uploads\/2024\/10\/photo_2024-10-21_14-15-30-768x541.jpg 768w, https:\/\/hablemosclarotdf.com.ar\/wp-content\/uploads\/2024\/10\/photo_2024-10-21_14-15-30.jpg 1280w\" sizes=\"auto, (max-width: 300px) 100vw, 300px\" \/> <img loading=\"lazy\" decoding=\"async\" class=\"alignnone size-medium wp-image-15596\" src=\"https:\/\/hablemosclarotdf.com.ar\/wp-content\/uploads\/2024\/10\/photo_2024-10-21_14-16-04-300x200.jpg\" alt=\"\" width=\"300\" height=\"200\" srcset=\"https:\/\/hablemosclarotdf.com.ar\/wp-content\/uploads\/2024\/10\/photo_2024-10-21_14-16-04-300x200.jpg 300w, https:\/\/hablemosclarotdf.com.ar\/wp-content\/uploads\/2024\/10\/photo_2024-10-21_14-16-04-1024x683.jpg 1024w, https:\/\/hablemosclarotdf.com.ar\/wp-content\/uploads\/2024\/10\/photo_2024-10-21_14-16-04-768x512.jpg 768w, https:\/\/hablemosclarotdf.com.ar\/wp-content\/uploads\/2024\/10\/photo_2024-10-21_14-16-04.jpg 1280w\" sizes=\"auto, (max-width: 300px) 100vw, 300px\" \/><\/p>\n","protected":false},"excerpt":{"rendered":"<p>La Ministra de Obras y Servicios P\u00fablicos de la provincia, Gabriela Castillo, se refiri\u00f3 a&#8230;<\/p>\n","protected":false},"author":1,"featured_media":15593,"comment_status":"closed","ping_status":"closed","sticky":false,"template":"","format":"standard","meta":{"footnotes":""},"categories":[3],"tags":[],"class_list":["post-15592","post","type-post","status-publish","format-standard","has-post-thumbnail","hentry","category-noticias"],"jetpack_featured_media_url":"https:\/\/hablemosclarotdf.com.ar\/wp-content\/uploads\/2024\/10\/photo_2024-10-21_14-15-18.jpg","_links":{"self":[{"href":"https:\/\/hablemosclarotdf.com.ar\/index.php?rest_route=\/wp\/v2\/posts\/15592","targetHints":{"allow":["GET"]}}],"collection":[{"href":"https:\/\/hablemosclarotdf.com.ar\/index.php?rest_route=\/wp\/v2\/posts"}],"about":[{"href":"https:\/\/hablemosclarotdf.com.ar\/index.php?rest_route=\/wp\/v2\/types\/post"}],"author":[{"embeddable":true,"href":"https:\/\/hablemosclarotdf.com.ar\/index.php?rest_route=\/wp\/v2\/users\/1"}],"replies":[{"embeddable":true,"href":"https:\/\/hablemosclarotdf.com.ar\/index.php?rest_route=%2Fwp%2Fv2%2Fcomments&post=15592"}],"version-history":[{"count":1,"href":"https:\/\/hablemosclarotdf.com.ar\/index.php?rest_route=\/wp\/v2\/posts\/15592\/revisions"}],"predecessor-version":[{"id":15597,"href":"https:\/\/hablemosclarotdf.com.ar\/index.php?rest_route=\/wp\/v2\/posts\/15592\/revisions\/15597"}],"wp:featuredmedia":[{"embeddable":true,"href":"https:\/\/hablemosclarotdf.com.ar\/index.php?rest_route=\/wp\/v2\/media\/15593"}],"wp:attachment":[{"href":"https:\/\/hablemosclarotdf.com.ar\/index.php?rest_route=%2Fwp%2Fv2%2Fmedia&parent=15592"}],"wp:term":[{"taxonomy":"category","embeddable":true,"href":"https:\/\/hablemosclarotdf.com.ar\/index.php?rest_route=%2Fwp%2Fv2%2Fcategories&post=15592"},{"taxonomy":"post_tag","embeddable":true,"href":"https:\/\/hablemosclarotdf.com.ar\/index.php?rest_route=%2Fwp%2Fv2%2Ftags&post=15592"}],"curies":[{"name":"wp","href":"https:\/\/api.w.org\/{rel}","templated":true}]}}