{"id":15573,"date":"2024-10-21T14:01:11","date_gmt":"2024-10-21T17:01:11","guid":{"rendered":"https:\/\/hablemosclarotdf.com.ar\/?p=15573"},"modified":"2024-10-21T14:01:11","modified_gmt":"2024-10-21T17:01:11","slug":"gobierno-y-cfi-llevaron-adelante-una-nueva-instancia-del-programa-federal-de-gestion-para-el-desarrollo","status":"publish","type":"post","link":"https:\/\/hablemosclarotdf.com.ar\/?p=15573","title":{"rendered":"GOBIERNO Y CFI LLEVARON ADELANTE UNA NUEVA INSTANCIA DEL PROGRAMA FEDERAL DE \u201cGESTI\u00d3N PARA EL DESARROLLO\u201d"},"content":{"rendered":"<p>D\u00edas atr\u00e1s se llev\u00f3 adelante una nueva instancia del Programa Federal de Formaci\u00f3n \u201cGesti\u00f3n para el Desarrollo\u201d, coordinado entre el Gobierno de la Provincia y el Consejo Federal de Inversiones (CFI).<\/p>\n<p>Se trata de la tercera edici\u00f3n del Programa Federal de Formaci\u00f3n \u201cGesti\u00f3n para el Desarrollo\u201d, coordinado entre el Gobierno de la Provincia y el Consejo Federal de Inversiones (CFI), orientado a j\u00f3venes fueguinos de 21 y 35 a\u00f1os que actualmente se desempe\u00f1an en funciones de toma de decisi\u00f3n en el sector p\u00fablico del Gobierno provincial, Municipal, Concejo Deliberante, c\u00e1maras y asociaciones y distintos sectores del \u00e1mbito privado de las tres ciudades de la Provincia.<\/p>\n<p>Este programa est\u00e1 orientado a ampliar los conocimientos de los participantes en materia de desarrollo productivo basado en la importancia en la funci\u00f3n de toma de desiciones en el \u00e1mbito profesional. El trayecto formativo incluye clases magistrales sobre infraestructura, log\u00edstica, estructura productiva argentina y pol\u00edticas de desarrollo, con su abordaje local a trav\u00e9s de paneles de intercambio con funcionarios y funcionarias provinciales a nivel local. En tanto, durante las jornadas de integraci\u00f3n provincial se visitan empresas p\u00fablicas y privadas vinculadas al desarrollo productivo, con el objetivo de intercambiar experiencias en territorio.<\/p>\n<p>En esta segunda instancia de jornada de integraci\u00f3n, los j\u00f3venes de la ciudad de R\u00edo Grande que participan de la propuesta se trasladaron hasta la ciudad de Ushuaia, oportunidad en la que en dos jornadas recorrieron junto a funcionarios de la Provincia y del CFI las empresas GDS del Grupo Newsan; Eco-Pulpo; as\u00ed como el Parque Nacional Tierra del Fuego; el Instituto Fueguino de Turismo (INFUETUR); Vinisa Fueguina; Grupo Amcor y la Direcci\u00f3n Provincial de Puertos (DPP).<\/p>\n<p>Adem\u00e1s, participaron de un panel sobre \u201cPol\u00edticas P\u00fablicas para el Desarrollo\u201d en la que disertaron la secretaria de Desarrollo Sustentable y Ambiente de la Provincia; Andrea Bianchi; la secretaria de Industria y Promoci\u00f3n Econ\u00f3mica de la Provincia, Alejandra Man y el subsecretario de Pesca y Agricultura de la Provincia, Diego Marzioni.<br \/>\nCabe recordar que la primera jornada de integraci\u00f3n de los participantes se llev\u00f3 adelante en la ciudad de R\u00edo Grande, en el que tambi\u00e9n se ofreci\u00f3 un panel provincial y visitas vinculadas al desarrollo del sector hidrocarbur\u00edfero, la innovaci\u00f3n tecnol\u00f3gica y la sostenibilidad ambiental. Los participantes recorrieron Mirgor; la planta de Total Austral en Cullen y la firma R\u00edo Chico.<\/p>\n<p><img loading=\"lazy\" decoding=\"async\" class=\"alignnone size-medium wp-image-15575\" src=\"https:\/\/hablemosclarotdf.com.ar\/wp-content\/uploads\/2024\/10\/photo_2024-10-21_13-59-36-300x200.jpg\" alt=\"\" width=\"300\" height=\"200\" srcset=\"https:\/\/hablemosclarotdf.com.ar\/wp-content\/uploads\/2024\/10\/photo_2024-10-21_13-59-36-300x200.jpg 300w, https:\/\/hablemosclarotdf.com.ar\/wp-content\/uploads\/2024\/10\/photo_2024-10-21_13-59-36-1024x683.jpg 1024w, https:\/\/hablemosclarotdf.com.ar\/wp-content\/uploads\/2024\/10\/photo_2024-10-21_13-59-36-768x512.jpg 768w, https:\/\/hablemosclarotdf.com.ar\/wp-content\/uploads\/2024\/10\/photo_2024-10-21_13-59-36.jpg 1280w\" sizes=\"auto, (max-width: 300px) 100vw, 300px\" \/> <img loading=\"lazy\" decoding=\"async\" class=\"alignnone size-medium wp-image-15576\" src=\"https:\/\/hablemosclarotdf.com.ar\/wp-content\/uploads\/2024\/10\/photo_2024-10-21_13-59-40-300x200.jpg\" alt=\"\" width=\"300\" height=\"200\" srcset=\"https:\/\/hablemosclarotdf.com.ar\/wp-content\/uploads\/2024\/10\/photo_2024-10-21_13-59-40-300x200.jpg 300w, https:\/\/hablemosclarotdf.com.ar\/wp-content\/uploads\/2024\/10\/photo_2024-10-21_13-59-40-1024x682.jpg 1024w, https:\/\/hablemosclarotdf.com.ar\/wp-content\/uploads\/2024\/10\/photo_2024-10-21_13-59-40-768x512.jpg 768w, https:\/\/hablemosclarotdf.com.ar\/wp-content\/uploads\/2024\/10\/photo_2024-10-21_13-59-40.jpg 1280w\" sizes=\"auto, (max-width: 300px) 100vw, 300px\" \/> <img loading=\"lazy\" decoding=\"async\" class=\"alignnone size-medium wp-image-15577\" src=\"https:\/\/hablemosclarotdf.com.ar\/wp-content\/uploads\/2024\/10\/photo_2024-10-21_13-59-44-300x200.jpg\" alt=\"\" width=\"300\" height=\"200\" srcset=\"https:\/\/hablemosclarotdf.com.ar\/wp-content\/uploads\/2024\/10\/photo_2024-10-21_13-59-44-300x200.jpg 300w, https:\/\/hablemosclarotdf.com.ar\/wp-content\/uploads\/2024\/10\/photo_2024-10-21_13-59-44-1024x683.jpg 1024w, https:\/\/hablemosclarotdf.com.ar\/wp-content\/uploads\/2024\/10\/photo_2024-10-21_13-59-44-768x512.jpg 768w, https:\/\/hablemosclarotdf.com.ar\/wp-content\/uploads\/2024\/10\/photo_2024-10-21_13-59-44.jpg 1280w\" sizes=\"auto, (max-width: 300px) 100vw, 300px\" \/> <img loading=\"lazy\" decoding=\"async\" class=\"alignnone size-medium wp-image-15578\" src=\"https:\/\/hablemosclarotdf.com.ar\/wp-content\/uploads\/2024\/10\/photo_2024-10-21_13-59-48-300x200.jpg\" alt=\"\" width=\"300\" height=\"200\" srcset=\"https:\/\/hablemosclarotdf.com.ar\/wp-content\/uploads\/2024\/10\/photo_2024-10-21_13-59-48-300x200.jpg 300w, https:\/\/hablemosclarotdf.com.ar\/wp-content\/uploads\/2024\/10\/photo_2024-10-21_13-59-48-1024x682.jpg 1024w, https:\/\/hablemosclarotdf.com.ar\/wp-content\/uploads\/2024\/10\/photo_2024-10-21_13-59-48-768x512.jpg 768w, https:\/\/hablemosclarotdf.com.ar\/wp-content\/uploads\/2024\/10\/photo_2024-10-21_13-59-48.jpg 1280w\" sizes=\"auto, (max-width: 300px) 100vw, 300px\" \/> <img loading=\"lazy\" decoding=\"async\" class=\"alignnone size-medium wp-image-15579\" src=\"https:\/\/hablemosclarotdf.com.ar\/wp-content\/uploads\/2024\/10\/photo_2024-10-21_13-59-52-300x200.jpg\" alt=\"\" width=\"300\" height=\"200\" srcset=\"https:\/\/hablemosclarotdf.com.ar\/wp-content\/uploads\/2024\/10\/photo_2024-10-21_13-59-52-300x200.jpg 300w, https:\/\/hablemosclarotdf.com.ar\/wp-content\/uploads\/2024\/10\/photo_2024-10-21_13-59-52-1024x682.jpg 1024w, https:\/\/hablemosclarotdf.com.ar\/wp-content\/uploads\/2024\/10\/photo_2024-10-21_13-59-52-768x512.jpg 768w, https:\/\/hablemosclarotdf.com.ar\/wp-content\/uploads\/2024\/10\/photo_2024-10-21_13-59-52.jpg 1280w\" sizes=\"auto, (max-width: 300px) 100vw, 300px\" \/><\/p>\n","protected":false},"excerpt":{"rendered":"<p>D\u00edas atr\u00e1s se llev\u00f3 adelante una nueva instancia del Programa Federal de Formaci\u00f3n \u201cGesti\u00f3n para&#8230;<\/p>\n","protected":false},"author":1,"featured_media":15574,"comment_status":"closed","ping_status":"closed","sticky":false,"template":"","format":"standard","meta":{"footnotes":""},"categories":[3],"tags":[],"class_list":["post-15573","post","type-post","status-publish","format-standard","has-post-thumbnail","hentry","category-noticias"],"jetpack_featured_media_url":"https:\/\/hablemosclarotdf.com.ar\/wp-content\/uploads\/2024\/10\/photo_2024-10-21_13-59-32.jpg","_links":{"self":[{"href":"https:\/\/hablemosclarotdf.com.ar\/index.php?rest_route=\/wp\/v2\/posts\/15573","targetHints":{"allow":["GET"]}}],"collection":[{"href":"https:\/\/hablemosclarotdf.com.ar\/index.php?rest_route=\/wp\/v2\/posts"}],"about":[{"href":"https:\/\/hablemosclarotdf.com.ar\/index.php?rest_route=\/wp\/v2\/types\/post"}],"author":[{"embeddable":true,"href":"https:\/\/hablemosclarotdf.com.ar\/index.php?rest_route=\/wp\/v2\/users\/1"}],"replies":[{"embeddable":true,"href":"https:\/\/hablemosclarotdf.com.ar\/index.php?rest_route=%2Fwp%2Fv2%2Fcomments&post=15573"}],"version-history":[{"count":1,"href":"https:\/\/hablemosclarotdf.com.ar\/index.php?rest_route=\/wp\/v2\/posts\/15573\/revisions"}],"predecessor-version":[{"id":15580,"href":"https:\/\/hablemosclarotdf.com.ar\/index.php?rest_route=\/wp\/v2\/posts\/15573\/revisions\/15580"}],"wp:featuredmedia":[{"embeddable":true,"href":"https:\/\/hablemosclarotdf.com.ar\/index.php?rest_route=\/wp\/v2\/media\/15574"}],"wp:attachment":[{"href":"https:\/\/hablemosclarotdf.com.ar\/index.php?rest_route=%2Fwp%2Fv2%2Fmedia&parent=15573"}],"wp:term":[{"taxonomy":"category","embeddable":true,"href":"https:\/\/hablemosclarotdf.com.ar\/index.php?rest_route=%2Fwp%2Fv2%2Fcategories&post=15573"},{"taxonomy":"post_tag","embeddable":true,"href":"https:\/\/hablemosclarotdf.com.ar\/index.php?rest_route=%2Fwp%2Fv2%2Ftags&post=15573"}],"curies":[{"name":"wp","href":"https:\/\/api.w.org\/{rel}","templated":true}]}}