{"id":15570,"date":"2024-10-21T12:21:41","date_gmt":"2024-10-21T15:21:41","guid":{"rendered":"https:\/\/hablemosclarotdf.com.ar\/?p=15570"},"modified":"2024-10-21T12:21:41","modified_gmt":"2024-10-21T15:21:41","slug":"cultura-tdf-abrio-la-convocatoria-para-el-7-festival-nacional-cine-en-grande","status":"publish","type":"post","link":"https:\/\/hablemosclarotdf.com.ar\/?p=15570","title":{"rendered":"CULTURA TDF: ABRI\u00d3 LA CONVOCATORIA PARA EL 7\u00b0 FESTIVAL NACIONAL \u201cCINE EN GRANDE\u201d"},"content":{"rendered":"<p>La Secretar\u00eda de Cultura del gobierno provincial anunci\u00f3 la convocatoria oficial a participar de la s\u00e9ptima edici\u00f3n del Festival de Cine Nacional \u201cCine en Grande\u201d, dirigida a realizadores audiovisuales de todo el pa\u00eds, que estar\u00e1 abierta hasta el pr\u00f3ximo 3 de noviembre.<\/p>\n<p>En esta oportunidad, las categor\u00edas participantes son: Largometrajes Nacionales, Largometrajes Binacionales (Argentina Chile), Cortometrajes Nacionales, Cortometrajes Binacionales Patagonia Argentina-Chile y Videoclips Nacionales.<\/p>\n<p>Es importante decir que los interesados deben presentar obras audiovisuales terminadas con posterioridad al 1 de enero del 2023 y que no hayan sido exhibidas previamente en el festival.<\/p>\n<p>Las producciones seleccionadas formar\u00e1n parte de la competencia oficial y ser\u00e1n evaluadas por un jurado especializado.<\/p>\n<p>Adem\u00e1s, desde la Secretar\u00eda de Cultura sostuvieron que el festival contar\u00e1 con secciones no competitivas de pel\u00edculas invitadas, actividades sat\u00e9lites y proyecciones, con entrada libre y gratuita, lo que ofrece una oportunidad \u00fanica para exhibir trabajos en un entorno que fomenta la visibilidad y la proyecci\u00f3n de nuevas voces del cine patag\u00f3nico y bi-nacional.<\/p>\n<p>Los interesados pueden inscribirse y obtener m\u00e1s informaci\u00f3n sobre los requisitos t\u00e9cnicos y legales en el sitio web oficial: https:\/\/findelmundo.gob.ar\/cineengrande\/. Tambi\u00e9n pueden seguir las novedades del festival en las redes sociales<br \/>\n@cineengrande<br \/>\n@findelmundo.gob.ar<br \/>\n@conocimientotdf<\/p>\n","protected":false},"excerpt":{"rendered":"<p>La Secretar\u00eda de Cultura del gobierno provincial anunci\u00f3 la convocatoria oficial a participar de la&#8230;<\/p>\n","protected":false},"author":1,"featured_media":15571,"comment_status":"closed","ping_status":"closed","sticky":false,"template":"","format":"standard","meta":{"footnotes":""},"categories":[3],"tags":[],"class_list":["post-15570","post","type-post","status-publish","format-standard","has-post-thumbnail","hentry","category-noticias"],"jetpack_featured_media_url":"https:\/\/hablemosclarotdf.com.ar\/wp-content\/uploads\/2024\/10\/photo_2024-10-21_12-21-13.jpg","_links":{"self":[{"href":"https:\/\/hablemosclarotdf.com.ar\/index.php?rest_route=\/wp\/v2\/posts\/15570","targetHints":{"allow":["GET"]}}],"collection":[{"href":"https:\/\/hablemosclarotdf.com.ar\/index.php?rest_route=\/wp\/v2\/posts"}],"about":[{"href":"https:\/\/hablemosclarotdf.com.ar\/index.php?rest_route=\/wp\/v2\/types\/post"}],"author":[{"embeddable":true,"href":"https:\/\/hablemosclarotdf.com.ar\/index.php?rest_route=\/wp\/v2\/users\/1"}],"replies":[{"embeddable":true,"href":"https:\/\/hablemosclarotdf.com.ar\/index.php?rest_route=%2Fwp%2Fv2%2Fcomments&post=15570"}],"version-history":[{"count":1,"href":"https:\/\/hablemosclarotdf.com.ar\/index.php?rest_route=\/wp\/v2\/posts\/15570\/revisions"}],"predecessor-version":[{"id":15572,"href":"https:\/\/hablemosclarotdf.com.ar\/index.php?rest_route=\/wp\/v2\/posts\/15570\/revisions\/15572"}],"wp:featuredmedia":[{"embeddable":true,"href":"https:\/\/hablemosclarotdf.com.ar\/index.php?rest_route=\/wp\/v2\/media\/15571"}],"wp:attachment":[{"href":"https:\/\/hablemosclarotdf.com.ar\/index.php?rest_route=%2Fwp%2Fv2%2Fmedia&parent=15570"}],"wp:term":[{"taxonomy":"category","embeddable":true,"href":"https:\/\/hablemosclarotdf.com.ar\/index.php?rest_route=%2Fwp%2Fv2%2Fcategories&post=15570"},{"taxonomy":"post_tag","embeddable":true,"href":"https:\/\/hablemosclarotdf.com.ar\/index.php?rest_route=%2Fwp%2Fv2%2Ftags&post=15570"}],"curies":[{"name":"wp","href":"https:\/\/api.w.org\/{rel}","templated":true}]}}