{"id":15564,"date":"2024-10-21T12:20:06","date_gmt":"2024-10-21T15:20:06","guid":{"rendered":"https:\/\/hablemosclarotdf.com.ar\/?p=15564"},"modified":"2024-10-21T12:20:06","modified_gmt":"2024-10-21T15:20:06","slug":"avanza-la-obra-de-la-ampliacion-del-hospital-regional-ushuaia","status":"publish","type":"post","link":"https:\/\/hablemosclarotdf.com.ar\/?p=15564","title":{"rendered":"AVANZA LA OBRA DE LA AMPLIACI\u00d3N DEL HOSPITAL REGIONAL USHUAIA"},"content":{"rendered":"<p>En el marco del plan de infraestructura sanitaria que se viene desarrollando en el Hospital Regional Ushuaia, la subsecretaria de Obras P\u00fablicas del gobierno provincial, Mar\u00eda Eugenia Vera, brind\u00f3 detalles acerca de los trabajos realizados en el segundo piso del Sector B.<\/p>\n<p>En este sentido, se refiri\u00f3 a las tareas ejecutadas hasta el momento y remarc\u00f3 que \u201cse avanz\u00f3 con toda la estructura de tabiques de 16 habitaciones y la red de cloaca en los sanitarios que corresponden a esas habitaciones\u201d.<\/p>\n<p>En el d\u00eda de la fecha, se llev\u00f3 a cabo el hormigonado del segundo piso en la zona de la losa radiante y se est\u00e1 trabajando sobre la red de agua fr\u00eda y caliente en ese mismo sector, a la vez que se est\u00e1 colocando las ca\u00f1er\u00edas que conforman el sistema de calefacci\u00f3n.<\/p>\n<p>\u201cEn cuanto a lo que se refiere al primer piso, tambi\u00e9n avanzamos con la estructura resistente de los tabiques internos para conformar la separaci\u00f3n de las habitaciones\u201d, finaliz\u00f3.<\/p>\n<p><img loading=\"lazy\" decoding=\"async\" class=\"alignnone size-medium wp-image-15566\" src=\"https:\/\/hablemosclarotdf.com.ar\/wp-content\/uploads\/2024\/10\/photo_2024-10-21_12-18-46-300x200.jpg\" alt=\"\" width=\"300\" height=\"200\" srcset=\"https:\/\/hablemosclarotdf.com.ar\/wp-content\/uploads\/2024\/10\/photo_2024-10-21_12-18-46-300x200.jpg 300w, https:\/\/hablemosclarotdf.com.ar\/wp-content\/uploads\/2024\/10\/photo_2024-10-21_12-18-46-1024x683.jpg 1024w, https:\/\/hablemosclarotdf.com.ar\/wp-content\/uploads\/2024\/10\/photo_2024-10-21_12-18-46-768x512.jpg 768w, https:\/\/hablemosclarotdf.com.ar\/wp-content\/uploads\/2024\/10\/photo_2024-10-21_12-18-46.jpg 1280w\" sizes=\"auto, (max-width: 300px) 100vw, 300px\" \/> <img loading=\"lazy\" decoding=\"async\" class=\"alignnone size-medium wp-image-15567\" src=\"https:\/\/hablemosclarotdf.com.ar\/wp-content\/uploads\/2024\/10\/photo_2024-10-21_12-18-49-300x200.jpg\" alt=\"\" width=\"300\" height=\"200\" srcset=\"https:\/\/hablemosclarotdf.com.ar\/wp-content\/uploads\/2024\/10\/photo_2024-10-21_12-18-49-300x200.jpg 300w, https:\/\/hablemosclarotdf.com.ar\/wp-content\/uploads\/2024\/10\/photo_2024-10-21_12-18-49-1024x683.jpg 1024w, https:\/\/hablemosclarotdf.com.ar\/wp-content\/uploads\/2024\/10\/photo_2024-10-21_12-18-49-768x512.jpg 768w, https:\/\/hablemosclarotdf.com.ar\/wp-content\/uploads\/2024\/10\/photo_2024-10-21_12-18-49.jpg 1280w\" sizes=\"auto, (max-width: 300px) 100vw, 300px\" \/> <img loading=\"lazy\" decoding=\"async\" class=\"alignnone size-medium wp-image-15568\" src=\"https:\/\/hablemosclarotdf.com.ar\/wp-content\/uploads\/2024\/10\/photo_2024-10-21_12-18-53-300x200.jpg\" alt=\"\" width=\"300\" height=\"200\" srcset=\"https:\/\/hablemosclarotdf.com.ar\/wp-content\/uploads\/2024\/10\/photo_2024-10-21_12-18-53-300x200.jpg 300w, https:\/\/hablemosclarotdf.com.ar\/wp-content\/uploads\/2024\/10\/photo_2024-10-21_12-18-53-1024x683.jpg 1024w, https:\/\/hablemosclarotdf.com.ar\/wp-content\/uploads\/2024\/10\/photo_2024-10-21_12-18-53-768x512.jpg 768w, https:\/\/hablemosclarotdf.com.ar\/wp-content\/uploads\/2024\/10\/photo_2024-10-21_12-18-53.jpg 1280w\" sizes=\"auto, (max-width: 300px) 100vw, 300px\" \/><\/p>\n","protected":false},"excerpt":{"rendered":"<p>En el marco del plan de infraestructura sanitaria que se viene desarrollando en el Hospital&#8230;<\/p>\n","protected":false},"author":1,"featured_media":15565,"comment_status":"closed","ping_status":"closed","sticky":false,"template":"","format":"standard","meta":{"footnotes":""},"categories":[3],"tags":[],"class_list":["post-15564","post","type-post","status-publish","format-standard","has-post-thumbnail","hentry","category-noticias"],"jetpack_featured_media_url":"https:\/\/hablemosclarotdf.com.ar\/wp-content\/uploads\/2024\/10\/photo_2024-10-21_12-18-42.jpg","_links":{"self":[{"href":"https:\/\/hablemosclarotdf.com.ar\/index.php?rest_route=\/wp\/v2\/posts\/15564","targetHints":{"allow":["GET"]}}],"collection":[{"href":"https:\/\/hablemosclarotdf.com.ar\/index.php?rest_route=\/wp\/v2\/posts"}],"about":[{"href":"https:\/\/hablemosclarotdf.com.ar\/index.php?rest_route=\/wp\/v2\/types\/post"}],"author":[{"embeddable":true,"href":"https:\/\/hablemosclarotdf.com.ar\/index.php?rest_route=\/wp\/v2\/users\/1"}],"replies":[{"embeddable":true,"href":"https:\/\/hablemosclarotdf.com.ar\/index.php?rest_route=%2Fwp%2Fv2%2Fcomments&post=15564"}],"version-history":[{"count":1,"href":"https:\/\/hablemosclarotdf.com.ar\/index.php?rest_route=\/wp\/v2\/posts\/15564\/revisions"}],"predecessor-version":[{"id":15569,"href":"https:\/\/hablemosclarotdf.com.ar\/index.php?rest_route=\/wp\/v2\/posts\/15564\/revisions\/15569"}],"wp:featuredmedia":[{"embeddable":true,"href":"https:\/\/hablemosclarotdf.com.ar\/index.php?rest_route=\/wp\/v2\/media\/15565"}],"wp:attachment":[{"href":"https:\/\/hablemosclarotdf.com.ar\/index.php?rest_route=%2Fwp%2Fv2%2Fmedia&parent=15564"}],"wp:term":[{"taxonomy":"category","embeddable":true,"href":"https:\/\/hablemosclarotdf.com.ar\/index.php?rest_route=%2Fwp%2Fv2%2Fcategories&post=15564"},{"taxonomy":"post_tag","embeddable":true,"href":"https:\/\/hablemosclarotdf.com.ar\/index.php?rest_route=%2Fwp%2Fv2%2Ftags&post=15564"}],"curies":[{"name":"wp","href":"https:\/\/api.w.org\/{rel}","templated":true}]}}