{"id":15550,"date":"2024-10-21T09:47:11","date_gmt":"2024-10-21T12:47:11","guid":{"rendered":"https:\/\/hablemosclarotdf.com.ar\/?p=15550"},"modified":"2024-10-21T09:47:11","modified_gmt":"2024-10-21T12:47:11","slug":"rio-grande-el-intendente-reconocio-a-emprendedoras-de-la-ciudad","status":"publish","type":"post","link":"https:\/\/hablemosclarotdf.com.ar\/?p=15550","title":{"rendered":"RIO GRANDE : EL INTENDENTE RECONOCI\u00d3 A EMPRENDEDORAS DE LA CIUDAD"},"content":{"rendered":"<p>Fue en el marco de la 9\u00b0 edici\u00f3n de la \u201cExpo Maternidades\u201d que se desarroll\u00f3 este fin de semana. De la misma participaron m\u00e1s de 130 emprendedoras de la ciudad; y cientos de vecinos y vecinas aprovecharon para disfrutar del paseo. &#8220;Esta Expo une a distintas generaciones de mujeres emprendedoras, desde j\u00f3venes hasta adultas mayores, eso refleja una R\u00edo Grande para toda la vida&#8221;, asegur\u00f3 Mart\u00edn Perez.<\/p>\n<p>Este fin de semana el Club San Mart\u00edn fue escenario de una nueva edici\u00f3n de la &#8220;Expo Maternidades&#8221;, la cual desde sus inicios ha reunido a m\u00e1s de 1000 emprendedoras que han tenido la oportunidad de mostrar su talento, creatividad y esfuerzo. Cada a\u00f1o, se suman nuevos emprendimientos innovadores que no solo enriquecen la oferta, sino que tambi\u00e9n muestran el enorme potencial que tenemos en nuestra comunidad.<\/p>\n<p>Al respecto, Mart\u00edn Perez resalt\u00f3 que &#8220;hacer esta expo para las maternidades de nuestra ciudad fue una decisi\u00f3n que tomamos cuando inici\u00f3 la gesti\u00f3n, porque entendimos la importancia de estar presentes y acompa\u00f1ar a las mujeres emprendedoras que d\u00eda a d\u00eda crean y trabajan para sostener a sus familias&#8221;.<\/p>\n<p>En ese sentido, destac\u00f3 que &#8220;en estos tiempos, donde la situaci\u00f3n est\u00e1 tan dif\u00edcil y compleja, nosotros apostamos a\u00fan m\u00e1s a fortalecer el emprendedurismo en la ciudad, acompa\u00f1ar para que se consolide y garantizar que las emprendedoras riograndenses sigan contando con estos espacios que dan visibilidad a lo que ellas producen y contribuyen al progreso de su hogar&#8221;.<\/p>\n<p>Es importante se\u00f1alar que durante el evento, el Intendente junto a la secretaria de G\u00e9nero y Desarrollo Comunitario, Ivana Ybars; y la subsecretaria de Mujeres, G\u00e9nero y Diversidad, Luz Torres; hicieron entrega de reconocimientos, por su compromiso y trayectoria a las siguientes emprendedoras y asociaciones: Marta Aguilera \u201cKika\u201d, Romelia Luque, Noelia Leiva, Collante Nicol\u00e1s, Noelia Rubio, Valentina Ariza, Grupo \u201cTejiendo en Grande\u201d, Asociaci\u00f3n de Manualistas y Artesanos, CAAD y a la Cooperativa Texmalar.<\/p>\n<p>Adem\u00e1s, Mart\u00edn Perez agradeci\u00f3 a aquellos trabajadores y trabajadoras que hacen posible estos espacios, &#8220;a la Secretar\u00eda de G\u00e9nero y Desarrollo Comunitario, como as\u00ed tambi\u00e9n a todas las \u00e1reas que intervinieron, ya que se trata de un espacio sumamente importante para tantas mujeres que son sost\u00e9n de sus familias, y que se esfuerzan para crecer y desarrollarse en sus talentos y habilidades&#8221;.<\/p>\n<p>&#8220;Es esencial para nosotros apoyar a nuestras mujeres emprendedoras y estar presentes en sus proyectos. En tiempos en los cuales dicen que el Estado se tiene que correr, nosotros reafirmamos la decisi\u00f3n de acompa\u00f1ar en su salud, defender sus derechos, y apostar por su crecimiento para que se desarrollen econ\u00f3micamente, aportando con su talento a la productividad de la ciudad&#8221;, concluy\u00f3 el Intendente.<\/p>\n<p>La \u201cExpo Maternidades\u201d cont\u00f3, no s\u00f3lo con stands de emprendedoras de la ciudad, sino tambi\u00e9n con espacio de lactancia; \u00e1rea de recreaci\u00f3n para las infancias; espacio de salud; gastronom\u00eda; espect\u00e1culos; servicios de belleza; y mucho m\u00e1s.<\/p>\n<p>Participaron tambi\u00e9n del evento el legislador Mat\u00edas Lapadula; el concejal Jonatan Bogado; miembros del gabinete municipal; vecinos y vecinas de la ciudad.<\/p>\n<p><img loading=\"lazy\" decoding=\"async\" class=\"alignnone size-medium wp-image-15552\" src=\"https:\/\/hablemosclarotdf.com.ar\/wp-content\/uploads\/2024\/10\/photo_2024-10-21_09-44-25-300x200.jpg\" alt=\"\" width=\"300\" height=\"200\" srcset=\"https:\/\/hablemosclarotdf.com.ar\/wp-content\/uploads\/2024\/10\/photo_2024-10-21_09-44-25-300x200.jpg 300w, https:\/\/hablemosclarotdf.com.ar\/wp-content\/uploads\/2024\/10\/photo_2024-10-21_09-44-25-1024x682.jpg 1024w, https:\/\/hablemosclarotdf.com.ar\/wp-content\/uploads\/2024\/10\/photo_2024-10-21_09-44-25-768x512.jpg 768w, https:\/\/hablemosclarotdf.com.ar\/wp-content\/uploads\/2024\/10\/photo_2024-10-21_09-44-25.jpg 1280w\" sizes=\"auto, (max-width: 300px) 100vw, 300px\" \/> <img loading=\"lazy\" decoding=\"async\" class=\"alignnone size-medium wp-image-15553\" src=\"https:\/\/hablemosclarotdf.com.ar\/wp-content\/uploads\/2024\/10\/photo_2024-10-21_09-44-37-300x200.jpg\" alt=\"\" width=\"300\" height=\"200\" srcset=\"https:\/\/hablemosclarotdf.com.ar\/wp-content\/uploads\/2024\/10\/photo_2024-10-21_09-44-37-300x200.jpg 300w, https:\/\/hablemosclarotdf.com.ar\/wp-content\/uploads\/2024\/10\/photo_2024-10-21_09-44-37-1024x682.jpg 1024w, https:\/\/hablemosclarotdf.com.ar\/wp-content\/uploads\/2024\/10\/photo_2024-10-21_09-44-37-768x512.jpg 768w, https:\/\/hablemosclarotdf.com.ar\/wp-content\/uploads\/2024\/10\/photo_2024-10-21_09-44-37.jpg 1280w\" sizes=\"auto, (max-width: 300px) 100vw, 300px\" \/><\/p>\n","protected":false},"excerpt":{"rendered":"<p>Fue en el marco de la 9\u00b0 edici\u00f3n de la \u201cExpo Maternidades\u201d que se desarroll\u00f3&#8230;<\/p>\n","protected":false},"author":1,"featured_media":15551,"comment_status":"closed","ping_status":"closed","sticky":false,"template":"","format":"standard","meta":{"footnotes":""},"categories":[3],"tags":[],"class_list":["post-15550","post","type-post","status-publish","format-standard","has-post-thumbnail","hentry","category-noticias"],"jetpack_featured_media_url":"https:\/\/hablemosclarotdf.com.ar\/wp-content\/uploads\/2024\/10\/photo_2024-10-21_09-44-21.jpg","_links":{"self":[{"href":"https:\/\/hablemosclarotdf.com.ar\/index.php?rest_route=\/wp\/v2\/posts\/15550","targetHints":{"allow":["GET"]}}],"collection":[{"href":"https:\/\/hablemosclarotdf.com.ar\/index.php?rest_route=\/wp\/v2\/posts"}],"about":[{"href":"https:\/\/hablemosclarotdf.com.ar\/index.php?rest_route=\/wp\/v2\/types\/post"}],"author":[{"embeddable":true,"href":"https:\/\/hablemosclarotdf.com.ar\/index.php?rest_route=\/wp\/v2\/users\/1"}],"replies":[{"embeddable":true,"href":"https:\/\/hablemosclarotdf.com.ar\/index.php?rest_route=%2Fwp%2Fv2%2Fcomments&post=15550"}],"version-history":[{"count":1,"href":"https:\/\/hablemosclarotdf.com.ar\/index.php?rest_route=\/wp\/v2\/posts\/15550\/revisions"}],"predecessor-version":[{"id":15554,"href":"https:\/\/hablemosclarotdf.com.ar\/index.php?rest_route=\/wp\/v2\/posts\/15550\/revisions\/15554"}],"wp:featuredmedia":[{"embeddable":true,"href":"https:\/\/hablemosclarotdf.com.ar\/index.php?rest_route=\/wp\/v2\/media\/15551"}],"wp:attachment":[{"href":"https:\/\/hablemosclarotdf.com.ar\/index.php?rest_route=%2Fwp%2Fv2%2Fmedia&parent=15550"}],"wp:term":[{"taxonomy":"category","embeddable":true,"href":"https:\/\/hablemosclarotdf.com.ar\/index.php?rest_route=%2Fwp%2Fv2%2Fcategories&post=15550"},{"taxonomy":"post_tag","embeddable":true,"href":"https:\/\/hablemosclarotdf.com.ar\/index.php?rest_route=%2Fwp%2Fv2%2Ftags&post=15550"}],"curies":[{"name":"wp","href":"https:\/\/api.w.org\/{rel}","templated":true}]}}