{"id":15511,"date":"2024-10-21T09:24:17","date_gmt":"2024-10-21T12:24:17","guid":{"rendered":"https:\/\/hablemosclarotdf.com.ar\/?p=15511"},"modified":"2024-10-21T09:24:17","modified_gmt":"2024-10-21T12:24:17","slug":"informacion-meteorologica","status":"publish","type":"post","link":"https:\/\/hablemosclarotdf.com.ar\/?p=15511","title":{"rendered":"Informaci\u00f3n meteorol\u00f3gica"},"content":{"rendered":"<p>La Secretaria de Protecci\u00f3n Civil advierte que, seg\u00fan el Servicio Meteorol\u00f3gico Nacional, se mantiene vigente en la provincia la ALERTA AMARILLA por vientos fuertes el d\u00eda lunes 21 de octubre, con r\u00e1fagas que puede superar los 90 km\/h.<\/p>\n<p>Se recomienda<\/p>\n<p>&#8211; No sacar la basura<br \/>\n&#8211; Evitar actividades al aire libre<br \/>\n&#8211; Asegurar los elementos que puedan volarse<br \/>\n&#8211; Cerrar bien puertas y ventanas y evitar corrientes de aire<br \/>\n&#8211; Mantenerse informado por medios oficiales<br \/>\n&#8211; Conducir con m\u00e1xima precauci\u00f3n en la ruta<br \/>\n&#8211; En caso de emergencia, comunicarse al 911 o 103.<\/p>\n","protected":false},"excerpt":{"rendered":"<p>La Secretaria de Protecci\u00f3n Civil advierte que, seg\u00fan el Servicio Meteorol\u00f3gico Nacional, se mantiene vigente&#8230;<\/p>\n","protected":false},"author":1,"featured_media":15512,"comment_status":"closed","ping_status":"closed","sticky":false,"template":"","format":"standard","meta":{"footnotes":""},"categories":[3],"tags":[],"class_list":["post-15511","post","type-post","status-publish","format-standard","has-post-thumbnail","hentry","category-noticias"],"jetpack_featured_media_url":"https:\/\/hablemosclarotdf.com.ar\/wp-content\/uploads\/2024\/10\/photo_2024-10-21_09-22-55.jpg","_links":{"self":[{"href":"https:\/\/hablemosclarotdf.com.ar\/index.php?rest_route=\/wp\/v2\/posts\/15511","targetHints":{"allow":["GET"]}}],"collection":[{"href":"https:\/\/hablemosclarotdf.com.ar\/index.php?rest_route=\/wp\/v2\/posts"}],"about":[{"href":"https:\/\/hablemosclarotdf.com.ar\/index.php?rest_route=\/wp\/v2\/types\/post"}],"author":[{"embeddable":true,"href":"https:\/\/hablemosclarotdf.com.ar\/index.php?rest_route=\/wp\/v2\/users\/1"}],"replies":[{"embeddable":true,"href":"https:\/\/hablemosclarotdf.com.ar\/index.php?rest_route=%2Fwp%2Fv2%2Fcomments&post=15511"}],"version-history":[{"count":1,"href":"https:\/\/hablemosclarotdf.com.ar\/index.php?rest_route=\/wp\/v2\/posts\/15511\/revisions"}],"predecessor-version":[{"id":15513,"href":"https:\/\/hablemosclarotdf.com.ar\/index.php?rest_route=\/wp\/v2\/posts\/15511\/revisions\/15513"}],"wp:featuredmedia":[{"embeddable":true,"href":"https:\/\/hablemosclarotdf.com.ar\/index.php?rest_route=\/wp\/v2\/media\/15512"}],"wp:attachment":[{"href":"https:\/\/hablemosclarotdf.com.ar\/index.php?rest_route=%2Fwp%2Fv2%2Fmedia&parent=15511"}],"wp:term":[{"taxonomy":"category","embeddable":true,"href":"https:\/\/hablemosclarotdf.com.ar\/index.php?rest_route=%2Fwp%2Fv2%2Fcategories&post=15511"},{"taxonomy":"post_tag","embeddable":true,"href":"https:\/\/hablemosclarotdf.com.ar\/index.php?rest_route=%2Fwp%2Fv2%2Ftags&post=15511"}],"curies":[{"name":"wp","href":"https:\/\/api.w.org\/{rel}","templated":true}]}}