{"id":15480,"date":"2024-10-20T18:13:11","date_gmt":"2024-10-20T21:13:11","guid":{"rendered":"https:\/\/hablemosclarotdf.com.ar\/?p=15480"},"modified":"2024-10-20T18:13:11","modified_gmt":"2024-10-20T21:13:11","slug":"el-ipvyh-continua-la-construccion-de-viviendas-en-rio-grande","status":"publish","type":"post","link":"https:\/\/hablemosclarotdf.com.ar\/?p=15480","title":{"rendered":"EL IPVyH CONTIN\u00daA LA CONSTRUCCI\u00d3N DE VIVIENDAS EN R\u00cdO GRANDE"},"content":{"rendered":"<p>Se trata de una obra en Chacra IX y otra en Chacra XIII que totalizan 138 soluciones habitacionales.<\/p>\n<p>La Ministra de Obras y Servicios P\u00fablicos, Gabriela Castillo, y la titular del IPVyH, Laura Montes, recorrieron las obras de 54 viviendas en Chacra IX y 84 viviendas en Chacra XIII que se est\u00e1n construyendo para brindar nuevas soluciones habitacionales a vecinos y vecinas de R\u00edo Grande.<\/p>\n<p>Al respecto, Montes coment\u00f3 que \u201cse han reiniciado las obras despu\u00e9s de nueve meses de suspensi\u00f3n, habiendo el IPVyH recuperado la coparticipaci\u00f3n FONAVI m\u00e1s los convenios que ha firmado el Gobernador Melella con la Secretar\u00eda de Vivienda\u201d.<\/p>\n<p>\u201cTomamos con mucho optimismo esta etapa de reinicio de las obras despu\u00e9s de bastante tiempo de estar suspendidas. Nosotros tenemos a nivel provincial 500 viviendas por terminar y este es el objetivo prioritario para el IPVyH\u201d, recalc\u00f3.<\/p>\n<p>Asimismo la funcionaria detall\u00f3 que \u201clas 54 viviendas de Chacra XIII son las que est\u00e1n en un porcentaje mayor de avance. Pr\u00f3ximamente vamos a estar anunciando el sorteo y publicando los listados para que la gente pueda observarlos. El \u00e1rea social va a estar llamando a las familias, inform\u00e1ndoles cu\u00e1l es la situaci\u00f3n de cada una\u201d.<\/p>\n<p>Respecto a las caracter\u00edsticas de las viviendas, Montes detall\u00f3 que \u201cson edificios con un n\u00facleo de circulaci\u00f3n y seis departamentos en cada uno. Cada departamento tiene dos dormitorios y una superficie aproximada de 65 metros cuadrados. En el caso de las viviendas de 54 viviendas hay una planta baja con departamentos adaptados para discapacidad motriz\u201d.<\/p>\n<p><img loading=\"lazy\" decoding=\"async\" class=\"alignnone size-medium wp-image-15482\" src=\"https:\/\/hablemosclarotdf.com.ar\/wp-content\/uploads\/2024\/10\/photo_2024-10-20_18-09-52-300x200.jpg\" alt=\"\" width=\"300\" height=\"200\" srcset=\"https:\/\/hablemosclarotdf.com.ar\/wp-content\/uploads\/2024\/10\/photo_2024-10-20_18-09-52-300x200.jpg 300w, https:\/\/hablemosclarotdf.com.ar\/wp-content\/uploads\/2024\/10\/photo_2024-10-20_18-09-52-1024x682.jpg 1024w, https:\/\/hablemosclarotdf.com.ar\/wp-content\/uploads\/2024\/10\/photo_2024-10-20_18-09-52-768x511.jpg 768w, https:\/\/hablemosclarotdf.com.ar\/wp-content\/uploads\/2024\/10\/photo_2024-10-20_18-09-52.jpg 1280w\" sizes=\"auto, (max-width: 300px) 100vw, 300px\" \/> <img loading=\"lazy\" decoding=\"async\" class=\"alignnone size-medium wp-image-15483\" src=\"https:\/\/hablemosclarotdf.com.ar\/wp-content\/uploads\/2024\/10\/photo_2024-10-20_18-09-56-300x200.jpg\" alt=\"\" width=\"300\" height=\"200\" srcset=\"https:\/\/hablemosclarotdf.com.ar\/wp-content\/uploads\/2024\/10\/photo_2024-10-20_18-09-56-300x200.jpg 300w, https:\/\/hablemosclarotdf.com.ar\/wp-content\/uploads\/2024\/10\/photo_2024-10-20_18-09-56-1024x682.jpg 1024w, https:\/\/hablemosclarotdf.com.ar\/wp-content\/uploads\/2024\/10\/photo_2024-10-20_18-09-56-768x512.jpg 768w, https:\/\/hablemosclarotdf.com.ar\/wp-content\/uploads\/2024\/10\/photo_2024-10-20_18-09-56.jpg 1280w\" sizes=\"auto, (max-width: 300px) 100vw, 300px\" \/> <img loading=\"lazy\" decoding=\"async\" class=\"alignnone size-medium wp-image-15484\" src=\"https:\/\/hablemosclarotdf.com.ar\/wp-content\/uploads\/2024\/10\/photo_2024-10-20_18-10-01-300x200.jpg\" alt=\"\" width=\"300\" height=\"200\" srcset=\"https:\/\/hablemosclarotdf.com.ar\/wp-content\/uploads\/2024\/10\/photo_2024-10-20_18-10-01-300x200.jpg 300w, https:\/\/hablemosclarotdf.com.ar\/wp-content\/uploads\/2024\/10\/photo_2024-10-20_18-10-01-1024x682.jpg 1024w, https:\/\/hablemosclarotdf.com.ar\/wp-content\/uploads\/2024\/10\/photo_2024-10-20_18-10-01-768x511.jpg 768w, https:\/\/hablemosclarotdf.com.ar\/wp-content\/uploads\/2024\/10\/photo_2024-10-20_18-10-01.jpg 1280w\" sizes=\"auto, (max-width: 300px) 100vw, 300px\" \/> <img loading=\"lazy\" decoding=\"async\" class=\"alignnone size-medium wp-image-15485\" src=\"https:\/\/hablemosclarotdf.com.ar\/wp-content\/uploads\/2024\/10\/photo_2024-10-20_18-10-26-300x200.jpg\" alt=\"\" width=\"300\" height=\"200\" srcset=\"https:\/\/hablemosclarotdf.com.ar\/wp-content\/uploads\/2024\/10\/photo_2024-10-20_18-10-26-300x200.jpg 300w, https:\/\/hablemosclarotdf.com.ar\/wp-content\/uploads\/2024\/10\/photo_2024-10-20_18-10-26-1024x682.jpg 1024w, https:\/\/hablemosclarotdf.com.ar\/wp-content\/uploads\/2024\/10\/photo_2024-10-20_18-10-26-768x512.jpg 768w, https:\/\/hablemosclarotdf.com.ar\/wp-content\/uploads\/2024\/10\/photo_2024-10-20_18-10-26.jpg 1280w\" sizes=\"auto, (max-width: 300px) 100vw, 300px\" \/><\/p>\n","protected":false},"excerpt":{"rendered":"<p>Se trata de una obra en Chacra IX y otra en Chacra XIII que totalizan&#8230;<\/p>\n","protected":false},"author":1,"featured_media":15481,"comment_status":"closed","ping_status":"closed","sticky":false,"template":"","format":"standard","meta":{"footnotes":""},"categories":[3],"tags":[],"class_list":["post-15480","post","type-post","status-publish","format-standard","has-post-thumbnail","hentry","category-noticias"],"jetpack_featured_media_url":"https:\/\/hablemosclarotdf.com.ar\/wp-content\/uploads\/2024\/10\/photo_2024-10-20_18-09-48.jpg","_links":{"self":[{"href":"https:\/\/hablemosclarotdf.com.ar\/index.php?rest_route=\/wp\/v2\/posts\/15480","targetHints":{"allow":["GET"]}}],"collection":[{"href":"https:\/\/hablemosclarotdf.com.ar\/index.php?rest_route=\/wp\/v2\/posts"}],"about":[{"href":"https:\/\/hablemosclarotdf.com.ar\/index.php?rest_route=\/wp\/v2\/types\/post"}],"author":[{"embeddable":true,"href":"https:\/\/hablemosclarotdf.com.ar\/index.php?rest_route=\/wp\/v2\/users\/1"}],"replies":[{"embeddable":true,"href":"https:\/\/hablemosclarotdf.com.ar\/index.php?rest_route=%2Fwp%2Fv2%2Fcomments&post=15480"}],"version-history":[{"count":1,"href":"https:\/\/hablemosclarotdf.com.ar\/index.php?rest_route=\/wp\/v2\/posts\/15480\/revisions"}],"predecessor-version":[{"id":15486,"href":"https:\/\/hablemosclarotdf.com.ar\/index.php?rest_route=\/wp\/v2\/posts\/15480\/revisions\/15486"}],"wp:featuredmedia":[{"embeddable":true,"href":"https:\/\/hablemosclarotdf.com.ar\/index.php?rest_route=\/wp\/v2\/media\/15481"}],"wp:attachment":[{"href":"https:\/\/hablemosclarotdf.com.ar\/index.php?rest_route=%2Fwp%2Fv2%2Fmedia&parent=15480"}],"wp:term":[{"taxonomy":"category","embeddable":true,"href":"https:\/\/hablemosclarotdf.com.ar\/index.php?rest_route=%2Fwp%2Fv2%2Fcategories&post=15480"},{"taxonomy":"post_tag","embeddable":true,"href":"https:\/\/hablemosclarotdf.com.ar\/index.php?rest_route=%2Fwp%2Fv2%2Ftags&post=15480"}],"curies":[{"name":"wp","href":"https:\/\/api.w.org\/{rel}","templated":true}]}}