{"id":15470,"date":"2024-10-20T18:05:03","date_gmt":"2024-10-20T21:05:03","guid":{"rendered":"https:\/\/hablemosclarotdf.com.ar\/?p=15470"},"modified":"2024-10-20T18:05:03","modified_gmt":"2024-10-20T21:05:03","slug":"gobierno-inauguro-la-ampliacion-del-laboratorio-de-sanidad-animal-raul-chifflet","status":"publish","type":"post","link":"https:\/\/hablemosclarotdf.com.ar\/?p=15470","title":{"rendered":"GOBIERNO INAUGUR\u00d3 LA AMPLIACI\u00d3N DEL LABORATORIO DE SANIDAD ANIMAL \u201cRAUL CHIFFLET\u201d"},"content":{"rendered":"<p>La ministra de Producci\u00f3n y Ambiente, Karina Fern\u00e1ndez junto a su par de Obras y Servicios P\u00fablicos, Gabriela Castillo, participaron de la inauguraci\u00f3n de las nuevas instalaciones de la ampliaci\u00f3n del Laboratorio de sanidad animal \u201cRa\u00fal Chifflet\u201d, ubicado en el predio de la Asociaci\u00f3n Rural Tierra del Fuego en la ciudad de R\u00edo Grande.<\/p>\n<p>El nuevo espacio apunta a mejorar los servicios destinados a los sectores productivos bovinos, ovinos y porcinos; y a animales dom\u00e9sticos. En el lugar se refuncionaliz\u00f3 la unidad diagn\u00f3stica separando los espacios en cuatro laboratorios que brindan an\u00e1lisis cl\u00ednicos, serolog\u00eda y enfermedades ven\u00e9reas, microbiolog\u00eda y triquinosis.<\/p>\n<p>Finalizada la recorrida, la secretaria de Desarrollo Productivo y PyME, Carolina Hern\u00e1ndez, destac\u00f3 la importancia de contar con nuevas instalaciones al servicio de la salud p\u00fablica y la sanidad animal.<\/p>\n<p>Asimismo, destac\u00f3 la gesti\u00f3n realizada por el Ministerio de Producci\u00f3n y Ambiente para la adquisici\u00f3n de equipamiento con fondos propios y gestionado con programas nacionales. &#8220;Esta nueva tecnolog\u00eda potencia el trabajo que el Laboratorio lleva adelante, adem\u00e1s garantizar la seguridad de las trabajadoras que all\u00ed desempe\u00f1an sus tareas\u201d.<\/p>\n<p>\u201cDe esta manera, el Laboratorio se consolida en su gesti\u00f3n p\u00fablico-privada, permitiendo que se hagan nuevas y m\u00e1s determinaciones y con la mejor calidad posible. Esta es una infraestructura de gran soporte para el desarrollo del sector productivo ganadero de la provincia, pudiendo garantizar cuestiones de trazabilidad con importancia gen\u00e9tica, libre de aftosa y brucelosis\u201d afirm\u00f3.<\/p>\n<p>La funcionaria record\u00f3 que \u201c\u00e9ste es el \u00fanico Laboratorio en la provincia que cuenta con estas caracter\u00edsticas, y es reconocido a nivel regional y nacional por toda la informaci\u00f3n que reporta, vinculada a cuestiones de la salud p\u00fablica\u201d, y donde \u201ctodos los esfuerzos que se hacen en cuanto a la trazabilidad de cada una de las determinaciones, permite que el mismo siga incluido en la Red de Laboratorios de SENASA, haciendo que los resultados oficiales tengan validez nacional\u201d.<\/p>\n<p>Por su parte la responsable del Laboratorio Vilma Disalvo, asegur\u00f3 que \u201cesta ampliaci\u00f3n nos va a permitir trabajar de una manera mucho m\u00e1s eficiente, con laboratorios diferenciados, realizando los diagn\u00f3sticos para cada grupo de animales o grupo de enfermedades\u201d.<\/p>\n<p>\u201cLa idea es seguir creciendo e incorporando m\u00e1s t\u00e9cnicas que nos ayudar\u00e1n a conocer un poco m\u00e1s el estado sanitario de nuestra provincia, y seguir profundizando en los diagn\u00f3sticos que venimos realizando\u201d afirm\u00f3.<\/p>\n<p>Durante el a\u00f1o 2023, el Laboratorio proces\u00f3 un total de 12.070 muestras, donde 8059 correspondieron al sector productivo, 3147 de animales de compa\u00f1\u00eda y 864 de vigilancia epidemiol\u00f3gica.<\/p>\n<p><img loading=\"lazy\" decoding=\"async\" class=\"alignnone size-medium wp-image-15472\" src=\"https:\/\/hablemosclarotdf.com.ar\/wp-content\/uploads\/2024\/10\/photo_2024-10-20_18-02-47-300x200.jpg\" alt=\"\" width=\"300\" height=\"200\" srcset=\"https:\/\/hablemosclarotdf.com.ar\/wp-content\/uploads\/2024\/10\/photo_2024-10-20_18-02-47-300x200.jpg 300w, https:\/\/hablemosclarotdf.com.ar\/wp-content\/uploads\/2024\/10\/photo_2024-10-20_18-02-47-1024x682.jpg 1024w, https:\/\/hablemosclarotdf.com.ar\/wp-content\/uploads\/2024\/10\/photo_2024-10-20_18-02-47-768x511.jpg 768w, https:\/\/hablemosclarotdf.com.ar\/wp-content\/uploads\/2024\/10\/photo_2024-10-20_18-02-47.jpg 1280w\" sizes=\"auto, (max-width: 300px) 100vw, 300px\" \/> <img loading=\"lazy\" decoding=\"async\" class=\"alignnone size-medium wp-image-15473\" src=\"https:\/\/hablemosclarotdf.com.ar\/wp-content\/uploads\/2024\/10\/photo_2024-10-20_18-02-51-300x200.jpg\" alt=\"\" width=\"300\" height=\"200\" srcset=\"https:\/\/hablemosclarotdf.com.ar\/wp-content\/uploads\/2024\/10\/photo_2024-10-20_18-02-51-300x200.jpg 300w, https:\/\/hablemosclarotdf.com.ar\/wp-content\/uploads\/2024\/10\/photo_2024-10-20_18-02-51-1024x682.jpg 1024w, https:\/\/hablemosclarotdf.com.ar\/wp-content\/uploads\/2024\/10\/photo_2024-10-20_18-02-51-768x511.jpg 768w, https:\/\/hablemosclarotdf.com.ar\/wp-content\/uploads\/2024\/10\/photo_2024-10-20_18-02-51.jpg 1280w\" sizes=\"auto, (max-width: 300px) 100vw, 300px\" \/> <img loading=\"lazy\" decoding=\"async\" class=\"alignnone size-medium wp-image-15474\" src=\"https:\/\/hablemosclarotdf.com.ar\/wp-content\/uploads\/2024\/10\/photo_2024-10-20_18-02-55-300x200.jpg\" alt=\"\" width=\"300\" height=\"200\" srcset=\"https:\/\/hablemosclarotdf.com.ar\/wp-content\/uploads\/2024\/10\/photo_2024-10-20_18-02-55-300x200.jpg 300w, https:\/\/hablemosclarotdf.com.ar\/wp-content\/uploads\/2024\/10\/photo_2024-10-20_18-02-55-1024x682.jpg 1024w, https:\/\/hablemosclarotdf.com.ar\/wp-content\/uploads\/2024\/10\/photo_2024-10-20_18-02-55-768x511.jpg 768w, https:\/\/hablemosclarotdf.com.ar\/wp-content\/uploads\/2024\/10\/photo_2024-10-20_18-02-55.jpg 1280w\" sizes=\"auto, (max-width: 300px) 100vw, 300px\" \/><\/p>\n","protected":false},"excerpt":{"rendered":"<p>La ministra de Producci\u00f3n y Ambiente, Karina Fern\u00e1ndez junto a su par de Obras y&#8230;<\/p>\n","protected":false},"author":1,"featured_media":15471,"comment_status":"closed","ping_status":"closed","sticky":false,"template":"","format":"standard","meta":{"footnotes":""},"categories":[3],"tags":[],"class_list":["post-15470","post","type-post","status-publish","format-standard","has-post-thumbnail","hentry","category-noticias"],"jetpack_featured_media_url":"https:\/\/hablemosclarotdf.com.ar\/wp-content\/uploads\/2024\/10\/photo_2024-10-20_18-02-43.jpg","_links":{"self":[{"href":"https:\/\/hablemosclarotdf.com.ar\/index.php?rest_route=\/wp\/v2\/posts\/15470","targetHints":{"allow":["GET"]}}],"collection":[{"href":"https:\/\/hablemosclarotdf.com.ar\/index.php?rest_route=\/wp\/v2\/posts"}],"about":[{"href":"https:\/\/hablemosclarotdf.com.ar\/index.php?rest_route=\/wp\/v2\/types\/post"}],"author":[{"embeddable":true,"href":"https:\/\/hablemosclarotdf.com.ar\/index.php?rest_route=\/wp\/v2\/users\/1"}],"replies":[{"embeddable":true,"href":"https:\/\/hablemosclarotdf.com.ar\/index.php?rest_route=%2Fwp%2Fv2%2Fcomments&post=15470"}],"version-history":[{"count":1,"href":"https:\/\/hablemosclarotdf.com.ar\/index.php?rest_route=\/wp\/v2\/posts\/15470\/revisions"}],"predecessor-version":[{"id":15475,"href":"https:\/\/hablemosclarotdf.com.ar\/index.php?rest_route=\/wp\/v2\/posts\/15470\/revisions\/15475"}],"wp:featuredmedia":[{"embeddable":true,"href":"https:\/\/hablemosclarotdf.com.ar\/index.php?rest_route=\/wp\/v2\/media\/15471"}],"wp:attachment":[{"href":"https:\/\/hablemosclarotdf.com.ar\/index.php?rest_route=%2Fwp%2Fv2%2Fmedia&parent=15470"}],"wp:term":[{"taxonomy":"category","embeddable":true,"href":"https:\/\/hablemosclarotdf.com.ar\/index.php?rest_route=%2Fwp%2Fv2%2Fcategories&post=15470"},{"taxonomy":"post_tag","embeddable":true,"href":"https:\/\/hablemosclarotdf.com.ar\/index.php?rest_route=%2Fwp%2Fv2%2Ftags&post=15470"}],"curies":[{"name":"wp","href":"https:\/\/api.w.org\/{rel}","templated":true}]}}