{"id":15460,"date":"2024-10-20T14:40:42","date_gmt":"2024-10-20T17:40:42","guid":{"rendered":"https:\/\/hablemosclarotdf.com.ar\/?p=15460"},"modified":"2024-10-20T14:40:42","modified_gmt":"2024-10-20T17:40:42","slug":"ushuaia-abren-las-inscripciones-al-taller-de-escultura-espiritus-del-hain","status":"publish","type":"post","link":"https:\/\/hablemosclarotdf.com.ar\/?p=15460","title":{"rendered":"USHUAIA : ABREN LAS INSCRIPCIONES AL TALLER DE ESCULTURA \u201cESP\u00cdRITUS DEL HAIN\u201d"},"content":{"rendered":"<p>Se brindar\u00e1 en los Talleres Culturales Municipales de calle Fagnano N\u00b0 486<\/p>\n<p>La Secretar\u00eda de Cultura y Educaci\u00f3n de la Municipalidad de Ushuaia informa a vecinos y vecinas que se encuentran abiertas las inscripciones al Taller de Escultura \u201cEsp\u00edritus del Hain\u201d a ser dictado por el profesor Omar Hirsig. El mismo se brindar\u00e1 en los Talleres Culturales Municipales de calle Fagnano N\u00b0 486, pudiendo inscribirse a trav\u00e9s del WhatsApp 2901-608066.<br \/>\nLa iniciativa, que dar\u00e1 inicio el d\u00eda viernes 25 de 18:30 a 20:30 contar\u00e1 con un encuentro semanal, est\u00e1 dirigido a mayores de 18 a\u00f1os sin necesidad de contar con conocimientos previos. A las y los participantes, se les solicitar\u00e1n materiales para las actividades que se informar\u00e1n a trav\u00e9s del 2901-608066.<br \/>\nVanina Ojeda, subsecretaria de Cultura, detall\u00f3 que \u201cesta instancias de capacitaci\u00f3n viene a visibilizar una parte de nuestra identidad como es la cultura Selk&#8217;nam, fortaleciendo nuestra ra\u00edces como fueguinos y fueguinas\u201d.<br \/>\nPara conocer m\u00e1s sobre el taller de escultura \u201cEsp\u00edritus del Hain\u201d, as\u00ed como las diversas instancias de capacitaci\u00f3n que la Municipalidad de Ushuaia ofrece a vecinos y vecinas, se podr\u00e1n consultar las redes sociales de la Secretar\u00eda de Cultura y Educaci\u00f3n en @culturayeducacionush.<\/p>\n","protected":false},"excerpt":{"rendered":"<p>Se brindar\u00e1 en los Talleres Culturales Municipales de calle Fagnano N\u00b0 486 La Secretar\u00eda de&#8230;<\/p>\n","protected":false},"author":1,"featured_media":15462,"comment_status":"closed","ping_status":"closed","sticky":false,"template":"","format":"standard","meta":{"footnotes":""},"categories":[3],"tags":[],"class_list":["post-15460","post","type-post","status-publish","format-standard","has-post-thumbnail","hentry","category-noticias"],"jetpack_featured_media_url":"https:\/\/hablemosclarotdf.com.ar\/wp-content\/uploads\/2024\/10\/photo_2024-10-20_14-40-03.jpg","_links":{"self":[{"href":"https:\/\/hablemosclarotdf.com.ar\/index.php?rest_route=\/wp\/v2\/posts\/15460","targetHints":{"allow":["GET"]}}],"collection":[{"href":"https:\/\/hablemosclarotdf.com.ar\/index.php?rest_route=\/wp\/v2\/posts"}],"about":[{"href":"https:\/\/hablemosclarotdf.com.ar\/index.php?rest_route=\/wp\/v2\/types\/post"}],"author":[{"embeddable":true,"href":"https:\/\/hablemosclarotdf.com.ar\/index.php?rest_route=\/wp\/v2\/users\/1"}],"replies":[{"embeddable":true,"href":"https:\/\/hablemosclarotdf.com.ar\/index.php?rest_route=%2Fwp%2Fv2%2Fcomments&post=15460"}],"version-history":[{"count":1,"href":"https:\/\/hablemosclarotdf.com.ar\/index.php?rest_route=\/wp\/v2\/posts\/15460\/revisions"}],"predecessor-version":[{"id":15463,"href":"https:\/\/hablemosclarotdf.com.ar\/index.php?rest_route=\/wp\/v2\/posts\/15460\/revisions\/15463"}],"wp:featuredmedia":[{"embeddable":true,"href":"https:\/\/hablemosclarotdf.com.ar\/index.php?rest_route=\/wp\/v2\/media\/15462"}],"wp:attachment":[{"href":"https:\/\/hablemosclarotdf.com.ar\/index.php?rest_route=%2Fwp%2Fv2%2Fmedia&parent=15460"}],"wp:term":[{"taxonomy":"category","embeddable":true,"href":"https:\/\/hablemosclarotdf.com.ar\/index.php?rest_route=%2Fwp%2Fv2%2Fcategories&post=15460"},{"taxonomy":"post_tag","embeddable":true,"href":"https:\/\/hablemosclarotdf.com.ar\/index.php?rest_route=%2Fwp%2Fv2%2Ftags&post=15460"}],"curies":[{"name":"wp","href":"https:\/\/api.w.org\/{rel}","templated":true}]}}