{"id":15419,"date":"2024-10-19T16:56:26","date_gmt":"2024-10-19T19:56:26","guid":{"rendered":"https:\/\/hablemosclarotdf.com.ar\/?p=15419"},"modified":"2024-10-19T16:56:26","modified_gmt":"2024-10-19T19:56:26","slug":"la-ministra-castillo-y-la-legisladora-dos-santos-se-reunieron-para-coordinar-proyectos-para-la-ciudad-de-tolhuin","status":"publish","type":"post","link":"https:\/\/hablemosclarotdf.com.ar\/?p=15419","title":{"rendered":"LA MINISTRA CASTILLO Y LA LEGISLADORA DOS SANTOS SE REUNIERON PARA COORDINAR PROYECTOS PARA LA CIUDAD DE TOLHUIN"},"content":{"rendered":"<p>La ministra de Obras y Servicios P\u00fablicos de la Provincia, Gabriela Castillo, mantuvo una reuni\u00f3n con la Legisladora Gisela Dos Santos, en la cual dialogaron y se avanz\u00f3 en diversos proyectos de inter\u00e9s para la comunidad de Tolhuin. Del encuentro adem\u00e1s tomaron parte la Concejal Florencia Auat y el secretario de Coordinaci\u00f3n de Gobierno, Federico Vel\u00e1zquez.<\/p>\n<p>Al respecto, Castillo indic\u00f3 que \u201cdesde el Gobierno de la Provincia siempre estamos dispuestos a trabajar en conjunto para acompa\u00f1ar a todos los fueguinos y fueguinos, en este caso con la comunidad de la ciudad de Tolhuin\u201d.<\/p>\n<p>\u201cMantuvimos un encuentro muy positivo con la Legisladora Dos Santos y con la Concejal Auat en el que pudimos intercambiar ideas y revisar proyectos que buscan mejorar la calidad de vida de los tolhuinenses\u201d, agreg\u00f3.<\/p>\n<p>Asimismo, Castillo subray\u00f3 que \u201ces importante para nosotros sostener este tipo de di\u00e1logos para enriquecer la gesti\u00f3n y acompa\u00f1ar muchas iniciativas concretas que apuntan al crecimiento y desarrollo de la provincia en general y de las ciudades en particular\u201d.<\/p>\n<p>\u201cAgradezco a la Legisladora Dos Santos y a la Concejal Auat por su predisposici\u00f3n y seguramente seguiremos trabajando en conjunto para fortalecer a la comunidad de Tolhuin con las grandes oportunidades y desaf\u00edos que tiene la ciudad\u201d, finaliz\u00f3.<\/p>\n<p>Por su parte, Dos Santos record\u00f3 que \u201cjunto a mi equipo estamos trabajando en varios proyectos de ley que queremos implementar y en ese sentido nuestra idea es trabajar en iniciativas que verdaderamente se puedan aplicar. Para ello empezamos a coordinar reuniones con los Ministros y para conocer cu\u00e1les son las obras proyectadas para la ciudad de Tolhuin avanzar en el acompa\u00f1amiento de esas acciones\u201d.<\/p>\n<p>\u201cQuiero destacar la predisposici\u00f3n del Gobernador Gustavo Melella y de la Ministra Gabriela Castillo quien nos recibi\u00f3 muy bien. Pudimos presentarle un proyecto de ley que busca la adecuaci\u00f3n en la accesibilidad en lo p\u00fablico privado, como as\u00ed tambi\u00e9n la definici\u00f3n de un mapeo estrat\u00e9gico de tierras fiscales de la provincia en Tolhuin para poner nuestra mirada sobre las obras a planificar en cuanto a salud, educaci\u00f3n, seguridad, cultura, deporte y recreaci\u00f3n\u201d, dijo.<\/p>\n<p>Para concluir, la Legisladora de &#8216;Sumemos Tolhuin&#8217; recalc\u00f3 que \u201ccreemos que el mejor camino que podemos adoptar aquellos que cumplimos la funci\u00f3n p\u00fablica es trabajar todos juntos desde la Legislatura, el Gobierno y los Municipios\u201d.<\/p>\n<p><img loading=\"lazy\" decoding=\"async\" class=\"alignnone size-medium wp-image-15421\" src=\"https:\/\/hablemosclarotdf.com.ar\/wp-content\/uploads\/2024\/10\/photo_2024-10-19_16-55-30-300x200.jpg\" alt=\"\" width=\"300\" height=\"200\" srcset=\"https:\/\/hablemosclarotdf.com.ar\/wp-content\/uploads\/2024\/10\/photo_2024-10-19_16-55-30-300x200.jpg 300w, https:\/\/hablemosclarotdf.com.ar\/wp-content\/uploads\/2024\/10\/photo_2024-10-19_16-55-30-1024x682.jpg 1024w, https:\/\/hablemosclarotdf.com.ar\/wp-content\/uploads\/2024\/10\/photo_2024-10-19_16-55-30-768x511.jpg 768w, https:\/\/hablemosclarotdf.com.ar\/wp-content\/uploads\/2024\/10\/photo_2024-10-19_16-55-30.jpg 1280w\" sizes=\"auto, (max-width: 300px) 100vw, 300px\" \/><\/p>\n","protected":false},"excerpt":{"rendered":"<p>La ministra de Obras y Servicios P\u00fablicos de la Provincia, Gabriela Castillo, mantuvo una reuni\u00f3n&#8230;<\/p>\n","protected":false},"author":1,"featured_media":15420,"comment_status":"closed","ping_status":"closed","sticky":false,"template":"","format":"standard","meta":{"footnotes":""},"categories":[3],"tags":[],"class_list":["post-15419","post","type-post","status-publish","format-standard","has-post-thumbnail","hentry","category-noticias"],"jetpack_featured_media_url":"https:\/\/hablemosclarotdf.com.ar\/wp-content\/uploads\/2024\/10\/photo_2024-10-19_16-55-25.jpg","_links":{"self":[{"href":"https:\/\/hablemosclarotdf.com.ar\/index.php?rest_route=\/wp\/v2\/posts\/15419","targetHints":{"allow":["GET"]}}],"collection":[{"href":"https:\/\/hablemosclarotdf.com.ar\/index.php?rest_route=\/wp\/v2\/posts"}],"about":[{"href":"https:\/\/hablemosclarotdf.com.ar\/index.php?rest_route=\/wp\/v2\/types\/post"}],"author":[{"embeddable":true,"href":"https:\/\/hablemosclarotdf.com.ar\/index.php?rest_route=\/wp\/v2\/users\/1"}],"replies":[{"embeddable":true,"href":"https:\/\/hablemosclarotdf.com.ar\/index.php?rest_route=%2Fwp%2Fv2%2Fcomments&post=15419"}],"version-history":[{"count":1,"href":"https:\/\/hablemosclarotdf.com.ar\/index.php?rest_route=\/wp\/v2\/posts\/15419\/revisions"}],"predecessor-version":[{"id":15422,"href":"https:\/\/hablemosclarotdf.com.ar\/index.php?rest_route=\/wp\/v2\/posts\/15419\/revisions\/15422"}],"wp:featuredmedia":[{"embeddable":true,"href":"https:\/\/hablemosclarotdf.com.ar\/index.php?rest_route=\/wp\/v2\/media\/15420"}],"wp:attachment":[{"href":"https:\/\/hablemosclarotdf.com.ar\/index.php?rest_route=%2Fwp%2Fv2%2Fmedia&parent=15419"}],"wp:term":[{"taxonomy":"category","embeddable":true,"href":"https:\/\/hablemosclarotdf.com.ar\/index.php?rest_route=%2Fwp%2Fv2%2Fcategories&post=15419"},{"taxonomy":"post_tag","embeddable":true,"href":"https:\/\/hablemosclarotdf.com.ar\/index.php?rest_route=%2Fwp%2Fv2%2Ftags&post=15419"}],"curies":[{"name":"wp","href":"https:\/\/api.w.org\/{rel}","templated":true}]}}