{"id":15405,"date":"2024-10-19T14:10:55","date_gmt":"2024-10-19T17:10:55","guid":{"rendered":"https:\/\/hablemosclarotdf.com.ar\/?p=15405"},"modified":"2024-10-19T14:13:53","modified_gmt":"2024-10-19T17:13:53","slug":"comenzo-exitosamente-una-nueva-etapa-de-modernizacion-del-centro-de-distribucion-torelli-en-ushuaia","status":"publish","type":"post","link":"https:\/\/hablemosclarotdf.com.ar\/?p=15405","title":{"rendered":"COMENZ\u00d3 EXITOSAMENTE UNA NUEVA ETAPA DE MODERNIZACI\u00d3N DEL CENTRO DE DISTRIBUCI\u00d3N TORELLI EN USHUAIA"},"content":{"rendered":"<p>Este s\u00e1bado inici\u00f3 exitosamente una nueva etapa de trabajos para la modernizaci\u00f3n del Centro de Distribuci\u00f3n Torelli. Las tareas se realizaron sobre uno de los alimentadores que lleva energ\u00eda a un sector de Ushuaia. El servicio ya est\u00e1 restablecido. Las obras continuar\u00e1n con cortes programados en otras zonas ma\u00f1ana domingo y el lunes.<\/p>\n<p>La Ministra de Obras y Servicios P\u00fablicos, Gabriela Castillo, detall\u00f3 al respecto que \u201chemos seguido con el plan de trabajo que tenemos en el marco de la obra de la reestructuraci\u00f3n del Centro de Distribuci\u00f3n Torelli. Hemos podido llevar adelante la operatoria de corte para recambio de protecciones en uno de los alimentadores. Las tareas continuar\u00e1n en otros sectores el domingo y el lunes\u201d.<\/p>\n<p>\u201cEl jueves y viernes pasado avanzamos sin cortar el servicio sobre la reposici\u00f3n de equipos de los servicios auxiliares del centro de distribuci\u00f3n, el que est\u00e1 activo y el que est\u00e1 en reserva. De esta manera gradualmente vamos haciendo el recambio de tecnolog\u00eda, de actualizaci\u00f3n, de modernizaci\u00f3n, para que pronto la ciudad de Ushuaia tenga un centro de distribuci\u00f3n con un control estable de todo lo que va sucediendo con menor riesgo, con mayor protecci\u00f3n y con la posibilidad del comando a distancia para tener una mejor operatoria\u201d, inform\u00f3.<\/p>\n<p>Asimismo, la funcionaria destac\u00f3 que \u201ces una gran apuesta en inversi\u00f3n, pero es muy importante porque Torelli es el coraz\u00f3n de la distribuci\u00f3n de energ\u00eda en Ushuaia. Por eso sabemos que la instancia de corte complica a los vecinos, pero esto nos permite trabajar en la reposici\u00f3n de equipos para una soluci\u00f3n definitiva\u201d.<\/p>\n<p>Por otro lado, Castillo subray\u00f3 que \u201caprovechando la interrupci\u00f3n del servicio y para optimizar esta instancia, gente de redes de la DPE realiz\u00f3 tareas operativas de mantenimiento en centrales y en subestaciones\u201d.<\/p>\n<p>Se recuerda que ma\u00f1ana domingo 20 de octubre y el lunes 21 de octubre continuar\u00e1n los trabajos con cortes programados de energ\u00eda seg\u00fan el siguiente cronograma:<\/p>\n<p>Domingo 20 de octubre de 8:00 a 14:00 h.<\/p>\n<p>Zonas o Barrios afectados:<\/p>\n<p>\u2022 Andorra.<br \/>\n\u2022 La Cantera.<br \/>\n\u2022 San Vicente de Paul (sector comprendido sobre las calle Jos\u00e9 Ignacio Rucci).<br \/>\n\u2022 Dos Banderas.<br \/>\n\u2022 Las Ra\u00edces y zonas Aleda\u00f1as.<br \/>\n\u2022 Los Morros.<br \/>\n\u2022 Kaiken.<br \/>\n\u2022 Las Terrazas &#8211; Ecol\u00f3gico.<br \/>\n\u2022 Juan Domingo Per\u00f3n.<br \/>\n\u2022 Towora (sector comprendido entre Magallanes &#8211; Lasserre \u2013 Roca)<br \/>\n\u2022 Sector comprendido entre las calles: Magallanes &#8211; Juana Fadul &#8211; Gdor. Paz y Ant\u00e1rtida Argentina.<\/p>\n<p>Lunes 21 de octubre de 8:00 a 14:00 h.<\/p>\n<p>Zonas o Barrios afectados:<\/p>\n<p>\u2022 Ram\u00f3n Lista.<br \/>\n\u2022 Centro.<br \/>\n\u2022 Barrio Centro, zona comprendida entre las calles Magallanes, Maip\u00fa, Juana Fadul y Sarmiento.<br \/>\n\u2022 Tomas Bridges.<br \/>\n\u2022 245 Viviendas.<br \/>\n\u2022 Shopping Ushuaia.<br \/>\n\u2022 Edificio Quantum.<br \/>\n\u2022 Iluminaci\u00f3n Av. Prefectura Argentina.<\/p>\n<p><img loading=\"lazy\" decoding=\"async\" class=\"alignnone size-medium wp-image-15407\" src=\"https:\/\/hablemosclarotdf.com.ar\/wp-content\/uploads\/2024\/10\/photo_2024-10-19_14-04-14-1-300x200.jpg\" alt=\"\" width=\"300\" height=\"200\" srcset=\"https:\/\/hablemosclarotdf.com.ar\/wp-content\/uploads\/2024\/10\/photo_2024-10-19_14-04-14-1-300x200.jpg 300w, https:\/\/hablemosclarotdf.com.ar\/wp-content\/uploads\/2024\/10\/photo_2024-10-19_14-04-14-1-1024x683.jpg 1024w, https:\/\/hablemosclarotdf.com.ar\/wp-content\/uploads\/2024\/10\/photo_2024-10-19_14-04-14-1-768x512.jpg 768w, https:\/\/hablemosclarotdf.com.ar\/wp-content\/uploads\/2024\/10\/photo_2024-10-19_14-04-14-1.jpg 1280w\" sizes=\"auto, (max-width: 300px) 100vw, 300px\" \/> <img loading=\"lazy\" decoding=\"async\" class=\"alignnone size-medium wp-image-15408\" src=\"https:\/\/hablemosclarotdf.com.ar\/wp-content\/uploads\/2024\/10\/photo_2024-10-19_14-05-56-300x200.jpg\" alt=\"\" width=\"300\" height=\"200\" srcset=\"https:\/\/hablemosclarotdf.com.ar\/wp-content\/uploads\/2024\/10\/photo_2024-10-19_14-05-56-300x200.jpg 300w, https:\/\/hablemosclarotdf.com.ar\/wp-content\/uploads\/2024\/10\/photo_2024-10-19_14-05-56-1024x683.jpg 1024w, https:\/\/hablemosclarotdf.com.ar\/wp-content\/uploads\/2024\/10\/photo_2024-10-19_14-05-56-768x512.jpg 768w, https:\/\/hablemosclarotdf.com.ar\/wp-content\/uploads\/2024\/10\/photo_2024-10-19_14-05-56.jpg 1280w\" sizes=\"auto, (max-width: 300px) 100vw, 300px\" \/> <img loading=\"lazy\" decoding=\"async\" class=\"alignnone size-medium wp-image-15409\" src=\"https:\/\/hablemosclarotdf.com.ar\/wp-content\/uploads\/2024\/10\/photo_2024-10-19_14-05-51-300x200.jpg\" alt=\"\" width=\"300\" height=\"200\" srcset=\"https:\/\/hablemosclarotdf.com.ar\/wp-content\/uploads\/2024\/10\/photo_2024-10-19_14-05-51-300x200.jpg 300w, https:\/\/hablemosclarotdf.com.ar\/wp-content\/uploads\/2024\/10\/photo_2024-10-19_14-05-51-1024x683.jpg 1024w, https:\/\/hablemosclarotdf.com.ar\/wp-content\/uploads\/2024\/10\/photo_2024-10-19_14-05-51-768x512.jpg 768w, https:\/\/hablemosclarotdf.com.ar\/wp-content\/uploads\/2024\/10\/photo_2024-10-19_14-05-51.jpg 1280w\" sizes=\"auto, (max-width: 300px) 100vw, 300px\" \/> <img loading=\"lazy\" decoding=\"async\" class=\"alignnone size-medium wp-image-15410\" src=\"https:\/\/hablemosclarotdf.com.ar\/wp-content\/uploads\/2024\/10\/photo_2024-10-19_14-05-46-300x200.jpg\" alt=\"\" width=\"300\" height=\"200\" srcset=\"https:\/\/hablemosclarotdf.com.ar\/wp-content\/uploads\/2024\/10\/photo_2024-10-19_14-05-46-300x200.jpg 300w, https:\/\/hablemosclarotdf.com.ar\/wp-content\/uploads\/2024\/10\/photo_2024-10-19_14-05-46-1024x683.jpg 1024w, https:\/\/hablemosclarotdf.com.ar\/wp-content\/uploads\/2024\/10\/photo_2024-10-19_14-05-46-768x512.jpg 768w, https:\/\/hablemosclarotdf.com.ar\/wp-content\/uploads\/2024\/10\/photo_2024-10-19_14-05-46.jpg 1280w\" sizes=\"auto, (max-width: 300px) 100vw, 300px\" \/> <img loading=\"lazy\" decoding=\"async\" class=\"alignnone size-medium wp-image-15411\" src=\"https:\/\/hablemosclarotdf.com.ar\/wp-content\/uploads\/2024\/10\/photo_2024-10-19_14-05-35-300x200.jpg\" alt=\"\" width=\"300\" height=\"200\" srcset=\"https:\/\/hablemosclarotdf.com.ar\/wp-content\/uploads\/2024\/10\/photo_2024-10-19_14-05-35-300x200.jpg 300w, https:\/\/hablemosclarotdf.com.ar\/wp-content\/uploads\/2024\/10\/photo_2024-10-19_14-05-35-1024x683.jpg 1024w, https:\/\/hablemosclarotdf.com.ar\/wp-content\/uploads\/2024\/10\/photo_2024-10-19_14-05-35-768x512.jpg 768w, https:\/\/hablemosclarotdf.com.ar\/wp-content\/uploads\/2024\/10\/photo_2024-10-19_14-05-35.jpg 1280w\" sizes=\"auto, (max-width: 300px) 100vw, 300px\" \/><\/p>\n","protected":false},"excerpt":{"rendered":"<p>Este s\u00e1bado inici\u00f3 exitosamente una nueva etapa de trabajos para la modernizaci\u00f3n del Centro de&#8230;<\/p>\n","protected":false},"author":1,"featured_media":15406,"comment_status":"closed","ping_status":"closed","sticky":false,"template":"","format":"standard","meta":{"footnotes":""},"categories":[3],"tags":[],"class_list":["post-15405","post","type-post","status-publish","format-standard","has-post-thumbnail","hentry","category-noticias"],"jetpack_featured_media_url":"https:\/\/hablemosclarotdf.com.ar\/wp-content\/uploads\/2024\/10\/photo_2024-10-19_14-04-14.jpg","_links":{"self":[{"href":"https:\/\/hablemosclarotdf.com.ar\/index.php?rest_route=\/wp\/v2\/posts\/15405","targetHints":{"allow":["GET"]}}],"collection":[{"href":"https:\/\/hablemosclarotdf.com.ar\/index.php?rest_route=\/wp\/v2\/posts"}],"about":[{"href":"https:\/\/hablemosclarotdf.com.ar\/index.php?rest_route=\/wp\/v2\/types\/post"}],"author":[{"embeddable":true,"href":"https:\/\/hablemosclarotdf.com.ar\/index.php?rest_route=\/wp\/v2\/users\/1"}],"replies":[{"embeddable":true,"href":"https:\/\/hablemosclarotdf.com.ar\/index.php?rest_route=%2Fwp%2Fv2%2Fcomments&post=15405"}],"version-history":[{"count":1,"href":"https:\/\/hablemosclarotdf.com.ar\/index.php?rest_route=\/wp\/v2\/posts\/15405\/revisions"}],"predecessor-version":[{"id":15413,"href":"https:\/\/hablemosclarotdf.com.ar\/index.php?rest_route=\/wp\/v2\/posts\/15405\/revisions\/15413"}],"wp:featuredmedia":[{"embeddable":true,"href":"https:\/\/hablemosclarotdf.com.ar\/index.php?rest_route=\/wp\/v2\/media\/15406"}],"wp:attachment":[{"href":"https:\/\/hablemosclarotdf.com.ar\/index.php?rest_route=%2Fwp%2Fv2%2Fmedia&parent=15405"}],"wp:term":[{"taxonomy":"category","embeddable":true,"href":"https:\/\/hablemosclarotdf.com.ar\/index.php?rest_route=%2Fwp%2Fv2%2Fcategories&post=15405"},{"taxonomy":"post_tag","embeddable":true,"href":"https:\/\/hablemosclarotdf.com.ar\/index.php?rest_route=%2Fwp%2Fv2%2Ftags&post=15405"}],"curies":[{"name":"wp","href":"https:\/\/api.w.org\/{rel}","templated":true}]}}