{"id":15373,"date":"2024-10-19T11:13:54","date_gmt":"2024-10-19T14:13:54","guid":{"rendered":"https:\/\/hablemosclarotdf.com.ar\/?p=15373"},"modified":"2024-10-19T11:13:54","modified_gmt":"2024-10-19T14:13:54","slug":"ushuaia-el-lunes-habra-una-jornada-de-limpieza-en-la-avenida-alem-entre-el-polivalente-y-la-calle-onas","status":"publish","type":"post","link":"https:\/\/hablemosclarotdf.com.ar\/?p=15373","title":{"rendered":"USHUAIA : EL LUNES HABR\u00c1 UNA JORNADA DE LIMPIEZA EN LA AVENIDA ALEM ENTRE EL POLIVALENTE Y LA CALLE ONAS"},"content":{"rendered":"<p>Solicitan despejar de veh\u00edculos esa arteria<\/p>\n<p>Este lunes, la Municipalidad de Ushuaia junto a la empresa Agrot\u00e9cnica Fueguina realizar\u00e1 una jornada de limpieza en la avenida Alem a partir de las 9 de la ma\u00f1ana, para retirar la tierra en veredas y cordones acumulada en el sector comprendido entre el Polivalente de Arte y la calle Onas.<br \/>\nLa Secretar\u00eda de Ambiente y Desarrollo Sustentable estar\u00e1 al frente de las acciones de limpieza junto al personal de Agrot\u00e9cnica y solicitan a vecinas y vecinos que retiren los veh\u00edculos estacionados en ese tramo antes del horario de inicio de las tareas, a fin de poder realizar los trabajos de manera segura y eficiente.<br \/>\nEl Municipio agradece la predisposici\u00f3n y colaboraci\u00f3n de los vecinos para el desarrollo del amplio trabajo de limpieza que realiza en distintos sectores de la ciudad.<\/p>\n","protected":false},"excerpt":{"rendered":"<p>Solicitan despejar de veh\u00edculos esa arteria Este lunes, la Municipalidad de Ushuaia junto a la&#8230;<\/p>\n","protected":false},"author":1,"featured_media":15375,"comment_status":"closed","ping_status":"closed","sticky":false,"template":"","format":"standard","meta":{"footnotes":""},"categories":[3],"tags":[],"class_list":["post-15373","post","type-post","status-publish","format-standard","has-post-thumbnail","hentry","category-noticias"],"jetpack_featured_media_url":"https:\/\/hablemosclarotdf.com.ar\/wp-content\/uploads\/2024\/10\/photo_2024-10-19_11-12-49.jpg","_links":{"self":[{"href":"https:\/\/hablemosclarotdf.com.ar\/index.php?rest_route=\/wp\/v2\/posts\/15373","targetHints":{"allow":["GET"]}}],"collection":[{"href":"https:\/\/hablemosclarotdf.com.ar\/index.php?rest_route=\/wp\/v2\/posts"}],"about":[{"href":"https:\/\/hablemosclarotdf.com.ar\/index.php?rest_route=\/wp\/v2\/types\/post"}],"author":[{"embeddable":true,"href":"https:\/\/hablemosclarotdf.com.ar\/index.php?rest_route=\/wp\/v2\/users\/1"}],"replies":[{"embeddable":true,"href":"https:\/\/hablemosclarotdf.com.ar\/index.php?rest_route=%2Fwp%2Fv2%2Fcomments&post=15373"}],"version-history":[{"count":1,"href":"https:\/\/hablemosclarotdf.com.ar\/index.php?rest_route=\/wp\/v2\/posts\/15373\/revisions"}],"predecessor-version":[{"id":15376,"href":"https:\/\/hablemosclarotdf.com.ar\/index.php?rest_route=\/wp\/v2\/posts\/15373\/revisions\/15376"}],"wp:featuredmedia":[{"embeddable":true,"href":"https:\/\/hablemosclarotdf.com.ar\/index.php?rest_route=\/wp\/v2\/media\/15375"}],"wp:attachment":[{"href":"https:\/\/hablemosclarotdf.com.ar\/index.php?rest_route=%2Fwp%2Fv2%2Fmedia&parent=15373"}],"wp:term":[{"taxonomy":"category","embeddable":true,"href":"https:\/\/hablemosclarotdf.com.ar\/index.php?rest_route=%2Fwp%2Fv2%2Fcategories&post=15373"},{"taxonomy":"post_tag","embeddable":true,"href":"https:\/\/hablemosclarotdf.com.ar\/index.php?rest_route=%2Fwp%2Fv2%2Ftags&post=15373"}],"curies":[{"name":"wp","href":"https:\/\/api.w.org\/{rel}","templated":true}]}}