{"id":15359,"date":"2024-10-18T19:50:40","date_gmt":"2024-10-18T22:50:40","guid":{"rendered":"https:\/\/hablemosclarotdf.com.ar\/?p=15359"},"modified":"2024-10-18T19:50:40","modified_gmt":"2024-10-18T22:50:40","slug":"la-secretaria-de-ambiente-recuerda-tener-en-cuenta-una-serie-de-recomendaciones-para-disfrutar-de-la-naturaleza-este-fin-de-semana","status":"publish","type":"post","link":"https:\/\/hablemosclarotdf.com.ar\/?p=15359","title":{"rendered":"LA SECRETAR\u00cdA DE AMBIENTE RECUERDA TENER EN CUENTA UNA SERIE DE RECOMENDACIONES PARA DISFRUTAR DE LA NATURALEZA ESTE FIN DE SEMANA"},"content":{"rendered":"<p>El Ministerio de Producci\u00f3n y Ambiente, a trav\u00e9s de la Secretar\u00eda de Ambiente, informa que teniendo en cuenta la condici\u00f3n clim\u00e1tica favorable prevista para este fin de semana, se deber\u00e1n tener en cuenta una serie de recomendaciones al momento de salir al campo:<\/p>\n<p>-Chequear el \u00edndice de peligro de incendios forestales indicado en los carteles de las salidas de cada ciudad. Esta informaci\u00f3n adem\u00e1s, podr\u00e1 ser consultada en los puestos policiales ubicados en dichos lugares.<\/p>\n<p>-\u00danicamente se podr\u00e1 hacer fuego en campings habilitados por la Secretar\u00eda de Ambiente, los cuales est\u00e1n publicados en la p\u00e1gina Web de la Secretar\u00eda de Ambiente:<\/p>\n<p>-El uso de anafes est\u00e1 permitido en cualquier zona agreste de la provincia, siempre con un uso seguro. Deber\u00e1n ser homologados y contar con sistema de corte r\u00e1pido. Se recomienda colocarlos en estructuras protegidas del viento, lejos de materiales combustibles.<\/p>\n<p>-No tirar colillas de cigarrillos y volver con los residuos a casa.<\/p>\n<p>-En caso de visualizar una columna de humo o fuego en sitios no habilitados, dar aviso inmediatamente al 103 o al 911.<\/p>\n<blockquote class=\"wp-embedded-content\" data-secret=\"RT3WtxTKha\"><p><a href=\"https:\/\/prodyambiente.tierradelfuego.gob.ar\/temporada-de-incendios\/\">temporada de incendios<\/a><\/p><\/blockquote>\n<p><iframe loading=\"lazy\" class=\"wp-embedded-content\" sandbox=\"allow-scripts\" security=\"restricted\" style=\"position: absolute; visibility: hidden;\" title=\"&#8220;temporada de incendios&#8221; &#8212; Ministerio de Producci\u00f3n y Ambiente\" src=\"https:\/\/prodyambiente.tierradelfuego.gob.ar\/temporada-de-incendios\/embed\/#?secret=Ltdb64A5Tp#?secret=RT3WtxTKha\" data-secret=\"RT3WtxTKha\" width=\"600\" height=\"338\" frameborder=\"0\" marginwidth=\"0\" marginheight=\"0\" scrolling=\"no\"><\/iframe><\/p>\n","protected":false},"excerpt":{"rendered":"<p>El Ministerio de Producci\u00f3n y Ambiente, a trav\u00e9s de la Secretar\u00eda de Ambiente, informa que&#8230;<\/p>\n","protected":false},"author":1,"featured_media":15360,"comment_status":"closed","ping_status":"closed","sticky":false,"template":"","format":"standard","meta":{"footnotes":""},"categories":[3],"tags":[],"class_list":["post-15359","post","type-post","status-publish","format-standard","has-post-thumbnail","hentry","category-noticias"],"jetpack_featured_media_url":"https:\/\/hablemosclarotdf.com.ar\/wp-content\/uploads\/2024\/10\/photo_2024-10-18_19-48-22.jpg","_links":{"self":[{"href":"https:\/\/hablemosclarotdf.com.ar\/index.php?rest_route=\/wp\/v2\/posts\/15359","targetHints":{"allow":["GET"]}}],"collection":[{"href":"https:\/\/hablemosclarotdf.com.ar\/index.php?rest_route=\/wp\/v2\/posts"}],"about":[{"href":"https:\/\/hablemosclarotdf.com.ar\/index.php?rest_route=\/wp\/v2\/types\/post"}],"author":[{"embeddable":true,"href":"https:\/\/hablemosclarotdf.com.ar\/index.php?rest_route=\/wp\/v2\/users\/1"}],"replies":[{"embeddable":true,"href":"https:\/\/hablemosclarotdf.com.ar\/index.php?rest_route=%2Fwp%2Fv2%2Fcomments&post=15359"}],"version-history":[{"count":1,"href":"https:\/\/hablemosclarotdf.com.ar\/index.php?rest_route=\/wp\/v2\/posts\/15359\/revisions"}],"predecessor-version":[{"id":15361,"href":"https:\/\/hablemosclarotdf.com.ar\/index.php?rest_route=\/wp\/v2\/posts\/15359\/revisions\/15361"}],"wp:featuredmedia":[{"embeddable":true,"href":"https:\/\/hablemosclarotdf.com.ar\/index.php?rest_route=\/wp\/v2\/media\/15360"}],"wp:attachment":[{"href":"https:\/\/hablemosclarotdf.com.ar\/index.php?rest_route=%2Fwp%2Fv2%2Fmedia&parent=15359"}],"wp:term":[{"taxonomy":"category","embeddable":true,"href":"https:\/\/hablemosclarotdf.com.ar\/index.php?rest_route=%2Fwp%2Fv2%2Fcategories&post=15359"},{"taxonomy":"post_tag","embeddable":true,"href":"https:\/\/hablemosclarotdf.com.ar\/index.php?rest_route=%2Fwp%2Fv2%2Ftags&post=15359"}],"curies":[{"name":"wp","href":"https:\/\/api.w.org\/{rel}","templated":true}]}}