{"id":15326,"date":"2024-10-18T18:03:16","date_gmt":"2024-10-18T21:03:16","guid":{"rendered":"https:\/\/hablemosclarotdf.com.ar\/?p=15326"},"modified":"2024-10-18T18:03:16","modified_gmt":"2024-10-18T21:03:16","slug":"rio-grande-familias-participaron-de-una-clase-de-reposteria-infantil-en-el-marco-del-dia-del-huevo","status":"publish","type":"post","link":"https:\/\/hablemosclarotdf.com.ar\/?p=15326","title":{"rendered":"RIO GRANDE : FAMILIAS PARTICIPARON DE UNA CLASE DE REPOSTER\u00cdA INFANTIL EN EL MARCO DEL D\u00cdA DEL HUEVO"},"content":{"rendered":"<p>De la actividad fueron protagonistas ni\u00f1as y ni\u00f1os de la ciudad que aprendieron datos sobre este alimento, sus beneficios y los mitos de consumo. Adem\u00e1s, estuvo presente una nutricionista que gui\u00f3 a las familias que participaron.<\/p>\n<p>El Municipio de R\u00edo Grande celebr\u00f3 el D\u00eda Mundial del Huevo en el Paseo \u201cCanto del Viento\u201d con una clase de reposter\u00eda destinada a las infancias de la ciudad. El INTA, la Cooperativa de Trabajo Av\u00edcola Tierra del Fuego y el grupo Av\u00edcola Morochas RG acompa\u00f1aron la propuesta en pos de seguir el camino hacia una producci\u00f3n sostenible y responsable.<\/p>\n<p>Durante el encuentro se convers\u00f3 sobre el huevo, mitos y verdades que rondan sobre este alimento, as\u00ed como cu\u00e1nto huevo consumir por d\u00eda, las formas en que se puede cocinar y de qu\u00e9 manera incorporarlo a la dieta.<\/p>\n<p>Asimismo, en el taller se prepararon 2 recetas saludables brindadas por la nutricionista Nair Penko, quien comparti\u00f3 informaci\u00f3n sobre el huevo, c\u00f3mo hacerlo parte de las comidas diarias y de qu\u00e9 formas se puede incorporar.<\/p>\n<p>La convocatoria fue muy positiva ya que cont\u00f3 con la participaci\u00f3n de muchas ni\u00f1as y ni\u00f1os que se sumaron junto a sus familias que estuvieron acompa\u00f1ando. Como cierre de la iniciativa, la Secretar\u00eda de Desarrollo Productivo y la Direcci\u00f3n de Desarrollo Agroproductivo entregaron unos presentes a los y las participantes en forma de agradecimiento.<\/p>\n<p>A trav\u00e9s de estas actividades, el Estado Municipal contin\u00faa afianzando la importancia de la Soberan\u00eda Alimentaria en la ciudad y el consumo de productos frescos, saludables y seguros dentro de la comunidad. De esta manera, se genera empleo, se acompa\u00f1a a los productores locales y se fortalece la ciudad.<\/p>\n<p><img loading=\"lazy\" decoding=\"async\" class=\"alignnone size-medium wp-image-15328\" src=\"https:\/\/hablemosclarotdf.com.ar\/wp-content\/uploads\/2024\/10\/photo_2024-10-18_18-01-55-225x300.jpg\" alt=\"\" width=\"225\" height=\"300\" srcset=\"https:\/\/hablemosclarotdf.com.ar\/wp-content\/uploads\/2024\/10\/photo_2024-10-18_18-01-55-225x300.jpg 225w, https:\/\/hablemosclarotdf.com.ar\/wp-content\/uploads\/2024\/10\/photo_2024-10-18_18-01-55-768x1024.jpg 768w, https:\/\/hablemosclarotdf.com.ar\/wp-content\/uploads\/2024\/10\/photo_2024-10-18_18-01-55.jpg 939w\" sizes=\"auto, (max-width: 225px) 100vw, 225px\" \/> <img loading=\"lazy\" decoding=\"async\" class=\"alignnone size-medium wp-image-15329\" src=\"https:\/\/hablemosclarotdf.com.ar\/wp-content\/uploads\/2024\/10\/photo_2024-10-18_18-02-00-225x300.jpg\" alt=\"\" width=\"225\" height=\"300\" srcset=\"https:\/\/hablemosclarotdf.com.ar\/wp-content\/uploads\/2024\/10\/photo_2024-10-18_18-02-00-225x300.jpg 225w, https:\/\/hablemosclarotdf.com.ar\/wp-content\/uploads\/2024\/10\/photo_2024-10-18_18-02-00-768x1024.jpg 768w, https:\/\/hablemosclarotdf.com.ar\/wp-content\/uploads\/2024\/10\/photo_2024-10-18_18-02-00.jpg 960w\" sizes=\"auto, (max-width: 225px) 100vw, 225px\" \/><\/p>\n","protected":false},"excerpt":{"rendered":"<p>De la actividad fueron protagonistas ni\u00f1as y ni\u00f1os de la ciudad que aprendieron datos sobre&#8230;<\/p>\n","protected":false},"author":1,"featured_media":15327,"comment_status":"closed","ping_status":"closed","sticky":false,"template":"","format":"standard","meta":{"footnotes":""},"categories":[3],"tags":[],"class_list":["post-15326","post","type-post","status-publish","format-standard","has-post-thumbnail","hentry","category-noticias"],"jetpack_featured_media_url":"https:\/\/hablemosclarotdf.com.ar\/wp-content\/uploads\/2024\/10\/photo_2024-10-18_18-01-51.jpg","_links":{"self":[{"href":"https:\/\/hablemosclarotdf.com.ar\/index.php?rest_route=\/wp\/v2\/posts\/15326","targetHints":{"allow":["GET"]}}],"collection":[{"href":"https:\/\/hablemosclarotdf.com.ar\/index.php?rest_route=\/wp\/v2\/posts"}],"about":[{"href":"https:\/\/hablemosclarotdf.com.ar\/index.php?rest_route=\/wp\/v2\/types\/post"}],"author":[{"embeddable":true,"href":"https:\/\/hablemosclarotdf.com.ar\/index.php?rest_route=\/wp\/v2\/users\/1"}],"replies":[{"embeddable":true,"href":"https:\/\/hablemosclarotdf.com.ar\/index.php?rest_route=%2Fwp%2Fv2%2Fcomments&post=15326"}],"version-history":[{"count":1,"href":"https:\/\/hablemosclarotdf.com.ar\/index.php?rest_route=\/wp\/v2\/posts\/15326\/revisions"}],"predecessor-version":[{"id":15330,"href":"https:\/\/hablemosclarotdf.com.ar\/index.php?rest_route=\/wp\/v2\/posts\/15326\/revisions\/15330"}],"wp:featuredmedia":[{"embeddable":true,"href":"https:\/\/hablemosclarotdf.com.ar\/index.php?rest_route=\/wp\/v2\/media\/15327"}],"wp:attachment":[{"href":"https:\/\/hablemosclarotdf.com.ar\/index.php?rest_route=%2Fwp%2Fv2%2Fmedia&parent=15326"}],"wp:term":[{"taxonomy":"category","embeddable":true,"href":"https:\/\/hablemosclarotdf.com.ar\/index.php?rest_route=%2Fwp%2Fv2%2Fcategories&post=15326"},{"taxonomy":"post_tag","embeddable":true,"href":"https:\/\/hablemosclarotdf.com.ar\/index.php?rest_route=%2Fwp%2Fv2%2Ftags&post=15326"}],"curies":[{"name":"wp","href":"https:\/\/api.w.org\/{rel}","templated":true}]}}