{"id":15323,"date":"2024-10-18T17:59:43","date_gmt":"2024-10-18T20:59:43","guid":{"rendered":"https:\/\/hablemosclarotdf.com.ar\/?p=15323"},"modified":"2024-10-18T17:59:43","modified_gmt":"2024-10-18T20:59:43","slug":"ushuaia-la-municipalidad-y-la-untdf-realizaran-curso-sobre-contabilidad-y-gestion-financiera","status":"publish","type":"post","link":"https:\/\/hablemosclarotdf.com.ar\/?p=15323","title":{"rendered":"USHUAIA : LA MUNICIPALIDAD  Y LA UNTDF REALIZAR\u00c1N CURSO SOBRE CONTABILIDAD Y GESTI\u00d3N FINANCIERA"},"content":{"rendered":"<p>La Municipalidad de Ushuaia en colaboraci\u00f3n con la Universidad de Tierra del Fuego, ofrecer\u00e1 un curso sobre &#8220;Contabilidad y Gesti\u00f3n Financiera&#8221;, un programa que tiene como objetivo dotar a los emprendedores y cooperativas con conocimientos pr\u00e1cticos que les permitan optimizar su administraci\u00f3n financiera. La formaci\u00f3n es gratuita y tendr\u00e1 lugar el mi\u00e9rcoles 24, jueves 24 y viernes 25 de 15 a 18 horas, en las instalaciones del Cepla Palomar, ubicado en la calle Pablo Imboden 1140.<br \/>\nLa secretaria de Pol\u00edticas Sociales, Sanitarias y Derechos Humanos, Agustina Cardozo Porta indic\u00f3 que \u201cesta instancia es una gran oportunidad para que nuestros emprendedores y emprendedoras adquieran habilidades que les permita gestionar sus recursos de manera eficiente y as\u00ed, fortalecer sus proyectos en el mercado\u201d.<br \/>\nAdem\u00e1s, destac\u00f3 el trabajo articulado que siempre realiza el \u00e1rea a trav\u00e9s de la Coordinaci\u00f3n de Econom\u00eda Social, \u201cqui\u00e9n trabaja junto a la Secretar\u00eda de la Mujer G\u00e9neros y Diversidades, para concretar las distintas propuestas de formaci\u00f3n, y en este caso en articulaci\u00f3n con la Universidad TDF\u201d.<br \/>\nLa funcionaria cont\u00f3 que \u201cesta propuesta surge como respuesta a la necesidad de ofrecer formaci\u00f3n especializada, que contribuya al crecimiento y desarrollo de iniciativas locales\u201d.<br \/>\nAlgunos de los temas que se abordar\u00e1n son los conceptos b\u00e1sicos de contabilidad, estrategias para una gesti\u00f3n financiera efectiva, y cu\u00e1les son las herramientas para asegurar la viabilidad y la sostenibilidad de un emprendimiento.<br \/>\nTeniendo en cuenta que por cuestiones de espacio f\u00edsico los cupos son limitados, se solicita tengan a bien inscribirse mediante formulario digital: https:\/\/acortar.link\/ss9ebJ<br \/>\nPara m\u00e1s informaci\u00f3n, pueden comunicarse con la Coordinaci\u00f3n de Econom\u00eda Social del Municipio de Ushuaia mediante el tel\u00e9fono (2901) 541855 o acercarse a Marco Zar 120, de lunes a viernes en el horario de 10 a 17 horas.<\/p>\n<p>Google Docs (https:\/\/acortar.link\/ss9ebJ)<br \/>\nCONTABILIDAD Y GESTION FINANCIERA<br \/>\nEmprendedores y Cooperativas &#8211; Cupos Limitados<\/p>\n<p>Bienvenidos al formulario de Inscripci\u00f3n de este curso del Municipio de Ushuaia, en conjunto con la UNTDF. Solicitamos por favor completar todos los datos de manera correcta, y los esperamos los d\u00edas Mi\u00e9rcoles 23; Jueves 24; y Viernes 25 de Octubre, de 15:00hs a 18:00hs, en Pablo Imboden 1140 ( Cepla &#8211; Palomar).<\/p>\n","protected":false},"excerpt":{"rendered":"<p>La Municipalidad de Ushuaia en colaboraci\u00f3n con la Universidad de Tierra del Fuego, ofrecer\u00e1 un&#8230;<\/p>\n","protected":false},"author":1,"featured_media":15324,"comment_status":"closed","ping_status":"closed","sticky":false,"template":"","format":"standard","meta":{"footnotes":""},"categories":[3],"tags":[],"class_list":["post-15323","post","type-post","status-publish","format-standard","has-post-thumbnail","hentry","category-noticias"],"jetpack_featured_media_url":"https:\/\/hablemosclarotdf.com.ar\/wp-content\/uploads\/2024\/10\/photo_2024-10-18_17-59-04.jpg","_links":{"self":[{"href":"https:\/\/hablemosclarotdf.com.ar\/index.php?rest_route=\/wp\/v2\/posts\/15323","targetHints":{"allow":["GET"]}}],"collection":[{"href":"https:\/\/hablemosclarotdf.com.ar\/index.php?rest_route=\/wp\/v2\/posts"}],"about":[{"href":"https:\/\/hablemosclarotdf.com.ar\/index.php?rest_route=\/wp\/v2\/types\/post"}],"author":[{"embeddable":true,"href":"https:\/\/hablemosclarotdf.com.ar\/index.php?rest_route=\/wp\/v2\/users\/1"}],"replies":[{"embeddable":true,"href":"https:\/\/hablemosclarotdf.com.ar\/index.php?rest_route=%2Fwp%2Fv2%2Fcomments&post=15323"}],"version-history":[{"count":1,"href":"https:\/\/hablemosclarotdf.com.ar\/index.php?rest_route=\/wp\/v2\/posts\/15323\/revisions"}],"predecessor-version":[{"id":15325,"href":"https:\/\/hablemosclarotdf.com.ar\/index.php?rest_route=\/wp\/v2\/posts\/15323\/revisions\/15325"}],"wp:featuredmedia":[{"embeddable":true,"href":"https:\/\/hablemosclarotdf.com.ar\/index.php?rest_route=\/wp\/v2\/media\/15324"}],"wp:attachment":[{"href":"https:\/\/hablemosclarotdf.com.ar\/index.php?rest_route=%2Fwp%2Fv2%2Fmedia&parent=15323"}],"wp:term":[{"taxonomy":"category","embeddable":true,"href":"https:\/\/hablemosclarotdf.com.ar\/index.php?rest_route=%2Fwp%2Fv2%2Fcategories&post=15323"},{"taxonomy":"post_tag","embeddable":true,"href":"https:\/\/hablemosclarotdf.com.ar\/index.php?rest_route=%2Fwp%2Fv2%2Ftags&post=15323"}],"curies":[{"name":"wp","href":"https:\/\/api.w.org\/{rel}","templated":true}]}}