{"id":15320,"date":"2024-10-18T17:00:43","date_gmt":"2024-10-18T20:00:43","guid":{"rendered":"https:\/\/hablemosclarotdf.com.ar\/?p=15320"},"modified":"2024-10-18T17:00:43","modified_gmt":"2024-10-18T20:00:43","slug":"rio-grande-llega-un-fin-de-semana-con-diversas-propuestas-2","status":"publish","type":"post","link":"https:\/\/hablemosclarotdf.com.ar\/?p=15320","title":{"rendered":"RIO GRANDE : LLEGA UN FIN DE SEMANA CON DIVERSAS PROPUESTAS"},"content":{"rendered":"<p>\u201cRGA ALIMENTOS\u201d EN EL PASEO CANTO DEL VIENTO<\/p>\n<p>Las y los vecinos podr\u00e1n acercarse a Fagnano 650 a adquirir productos frescos y de calidad de la marca local \u201cRGA Alimentos\u201d. Encontrar\u00e1n pollos de la marca RGA, carne porcina, pescado y huevos XXL, todo producido en nuestra ciudad. Ser\u00e1 el viernes y el s\u00e1bado desde las 10 hasta las 20 horas, mientras que el domingo ser\u00e1 en el horario de 10 a 13.<\/p>\n<p>VISITA EL PASEO ESPECIAL \u201cD\u00cdA DE LA MADRE\u201d<\/p>\n<p>El Paseo \u201cCanto del Viento\u201d (Fagnano 650) abrir\u00e1 sus puertas este viernes, s\u00e1bado y domingo, de 15 a 20 horas, para que los vecinos y vecinas puedan encontrar un regalo diferente y artesanal por el D\u00eda de la Madre de la mano de emprendedores locales, artesanos y manualistas.<\/p>\n<p>EXPO MATERNIDADES EN EL CLUB SAN MART\u00cdN<\/p>\n<p>Las vecinas y vecinos podr\u00e1n recorrer este evento que se realizar\u00e1 en el Gimnasio del Club Deportivo y Cultural Gral. San Mart\u00edn (O&#8217;Higgins 46) el d\u00eda viernes de 17 a 21 horas y el s\u00e1bado de 13 a 20. Habr\u00e1 m\u00e1s de 130 emprendedoras, patio de comidas y shows en vivo.<\/p>\n<p>SIGAMOS DISFRUTANDO DE LA PANTALLA DEL \u201cPARQUE DE LOS 100 A\u00d1OS\u201d<\/p>\n<p>Durante el fin de semana las familias de R\u00edo Grande podr\u00e1n disfrutar de diferentes recitales desde las 22 horas. El viernes se transmitir\u00e1n Karina y El Mago y la nueva zapada en vivo en \u201cUn Poco de Ruido\u201d; el s\u00e1bado ser\u00e1 el turno de Dami\u00e1n Escudero y Dj Set Full Cachengue. Mientras que el domingo podr\u00e1n disfrutar de Manuel Wirtz en el Teatro \u00d3pera. Quienes se acerquen con sus veh\u00edculos podr\u00e1n escuchar v\u00eda est\u00e9reo en el dial 89.5.<\/p>\n<p>JORNADA DE VACUNACI\u00d3N Y CHIPEO PARA MASCOTAS<\/p>\n<p>Ser\u00e1 en el CCM del barrio Per\u00f3n (Hugo del Carril 27) este s\u00e1bado desde las 9 hasta las 14 horas, por orden de llegada. Las mascotas para la vacunaci\u00f3n deber\u00e1n tener m\u00e1s de 3 meses y no haber sido vacunados nunca o bien que posean su vacuna antirr\u00e1bica vencida. Adem\u00e1s, las mascotas deber\u00e1n asistir acompa\u00f1adas por su cuidador mayor de 18 a\u00f1os y tener libreta sanitaria. En el caso de los caninos se solicita que asistan con collar, correa, bozal y los felinos, deber\u00e1n ser llevados en caniles para un mejor cuidado.<\/p>\n<p>SUMATE A CELEBRAR UNA CEREMONIA ART\u00cdSTICA EN EL ALEM<\/p>\n<p>La misma se realizar\u00e1 en el marco de la Tercera Edici\u00f3n de \u201cKr\u00e8eh Chinen\u201d y el Festival Nacional \u201cEl grito de la Tierra&#8221;. El evento ser\u00e1 el s\u00e1bado 19 de octubre a las 19 horas en el Centro Cultural Alem y contar\u00e1 con entrada libre y gratuita. Las y los vecinos podr\u00e1n disfrutar de la presentaci\u00f3n de diferentes artistas y recorrer stands de elaboradores de productos naturales.<\/p>\n","protected":false},"excerpt":{"rendered":"<p>\u201cRGA ALIMENTOS\u201d EN EL PASEO CANTO DEL VIENTO Las y los vecinos podr\u00e1n acercarse a&#8230;<\/p>\n","protected":false},"author":1,"featured_media":15321,"comment_status":"closed","ping_status":"closed","sticky":false,"template":"","format":"standard","meta":{"footnotes":""},"categories":[3],"tags":[],"class_list":["post-15320","post","type-post","status-publish","format-standard","has-post-thumbnail","hentry","category-noticias"],"jetpack_featured_media_url":"https:\/\/hablemosclarotdf.com.ar\/wp-content\/uploads\/2024\/10\/photo_2024-10-18_16-56-16.jpg","_links":{"self":[{"href":"https:\/\/hablemosclarotdf.com.ar\/index.php?rest_route=\/wp\/v2\/posts\/15320","targetHints":{"allow":["GET"]}}],"collection":[{"href":"https:\/\/hablemosclarotdf.com.ar\/index.php?rest_route=\/wp\/v2\/posts"}],"about":[{"href":"https:\/\/hablemosclarotdf.com.ar\/index.php?rest_route=\/wp\/v2\/types\/post"}],"author":[{"embeddable":true,"href":"https:\/\/hablemosclarotdf.com.ar\/index.php?rest_route=\/wp\/v2\/users\/1"}],"replies":[{"embeddable":true,"href":"https:\/\/hablemosclarotdf.com.ar\/index.php?rest_route=%2Fwp%2Fv2%2Fcomments&post=15320"}],"version-history":[{"count":1,"href":"https:\/\/hablemosclarotdf.com.ar\/index.php?rest_route=\/wp\/v2\/posts\/15320\/revisions"}],"predecessor-version":[{"id":15322,"href":"https:\/\/hablemosclarotdf.com.ar\/index.php?rest_route=\/wp\/v2\/posts\/15320\/revisions\/15322"}],"wp:featuredmedia":[{"embeddable":true,"href":"https:\/\/hablemosclarotdf.com.ar\/index.php?rest_route=\/wp\/v2\/media\/15321"}],"wp:attachment":[{"href":"https:\/\/hablemosclarotdf.com.ar\/index.php?rest_route=%2Fwp%2Fv2%2Fmedia&parent=15320"}],"wp:term":[{"taxonomy":"category","embeddable":true,"href":"https:\/\/hablemosclarotdf.com.ar\/index.php?rest_route=%2Fwp%2Fv2%2Fcategories&post=15320"},{"taxonomy":"post_tag","embeddable":true,"href":"https:\/\/hablemosclarotdf.com.ar\/index.php?rest_route=%2Fwp%2Fv2%2Ftags&post=15320"}],"curies":[{"name":"wp","href":"https:\/\/api.w.org\/{rel}","templated":true}]}}