{"id":15303,"date":"2024-10-18T14:59:19","date_gmt":"2024-10-18T17:59:19","guid":{"rendered":"https:\/\/hablemosclarotdf.com.ar\/?p=15303"},"modified":"2024-10-18T14:59:19","modified_gmt":"2024-10-18T17:59:19","slug":"rio-grande-se-prepara-para-celebrar-una-gran-ceremonia-artistica","status":"publish","type":"post","link":"https:\/\/hablemosclarotdf.com.ar\/?p=15303","title":{"rendered":"R\u00cdO GRANDE SE PREPARA PARA CELEBRAR UNA GRAN CEREMONIA ART\u00cdSTICA"},"content":{"rendered":"<p>La misma se realizar\u00e1 en el marco de la Tercera Edici\u00f3n de \u201cKr\u00e8eh Chinen\u201d y el Festival Nacional \u201cEl grito de la Tierra&#8221;. El evento ser\u00e1 el s\u00e1bado 19 de octubre a las 19 horas en el Centro Cultural Alem, con entrada libre y gratuita.<\/p>\n<p>El Municipio de R\u00edo Grande invita a las y los riograndenses a participar de la Tercera Edici\u00f3n de \u201cKr\u00e8eh Chinen\u201d, un encuentro art\u00edstico que busca ser un espacio de intercambio cultural y fortalecimiento comunitario. En este marco, adem\u00e1s, se realizar\u00e1 el Festival Nacional \u201cEl grito de la Tierra\u201d, en defensa del territorio, el patrimonio ecol\u00f3gico y las reservas naturales de nuestro pa\u00eds.<\/p>\n<p>Ambos eventos tendr\u00e1n lugar este s\u00e1bado 19 de octubre, desde las 19 horas, en el Centro Cultural Alem. La entrada es libre y gratuita.<\/p>\n<p>Los asistentes podr\u00e1n disfrutar de presentaciones musicales a cargo de los artistas: Ignacio Boreal, Fredy Gallardo, Facundo y Pilo Armas, Facundo Ag\u00fcero, Ambay Tr\u00edo, la Banda Hanush y Crepit\u00e1. En el \u00e1mbito literario, poetas como Nico Romano, Roberto Santana, Gabriela Rivero y Mar\u00eda Lokvicic, entre otros, compartir\u00e1n sus obras para enriquecer a\u00fan m\u00e1s la experiencia cultural del evento.<\/p>\n<p>Adem\u00e1s, estar\u00e1 presente la artista pl\u00e1stica M\u00f3nica Alvarado y V\u00edctor Vargas Filgueira, representante del Pueblo Yag\u00e1n, junto a elaboradores de productos naturales aut\u00f3ctonos y estudiantes de la carrera de Comunicaci\u00f3n Social del CENT 35.<\/p>\n<p>El Municipio, a trav\u00e9s de la Subsecretar\u00eda de Cultura, lleva adelante una amplia agenda de propuestas para que la comunidad conozca la importancia de resguardar la identidad, el patrimonio hist\u00f3rico y cultural de nuestra ciudad.<\/p>\n","protected":false},"excerpt":{"rendered":"<p>La misma se realizar\u00e1 en el marco de la Tercera Edici\u00f3n de \u201cKr\u00e8eh Chinen\u201d y&#8230;<\/p>\n","protected":false},"author":1,"featured_media":15304,"comment_status":"closed","ping_status":"closed","sticky":false,"template":"","format":"standard","meta":{"footnotes":""},"categories":[3],"tags":[],"class_list":["post-15303","post","type-post","status-publish","format-standard","has-post-thumbnail","hentry","category-noticias"],"jetpack_featured_media_url":"https:\/\/hablemosclarotdf.com.ar\/wp-content\/uploads\/2024\/10\/photo_2024-10-18_14-58-34.jpg","_links":{"self":[{"href":"https:\/\/hablemosclarotdf.com.ar\/index.php?rest_route=\/wp\/v2\/posts\/15303","targetHints":{"allow":["GET"]}}],"collection":[{"href":"https:\/\/hablemosclarotdf.com.ar\/index.php?rest_route=\/wp\/v2\/posts"}],"about":[{"href":"https:\/\/hablemosclarotdf.com.ar\/index.php?rest_route=\/wp\/v2\/types\/post"}],"author":[{"embeddable":true,"href":"https:\/\/hablemosclarotdf.com.ar\/index.php?rest_route=\/wp\/v2\/users\/1"}],"replies":[{"embeddable":true,"href":"https:\/\/hablemosclarotdf.com.ar\/index.php?rest_route=%2Fwp%2Fv2%2Fcomments&post=15303"}],"version-history":[{"count":1,"href":"https:\/\/hablemosclarotdf.com.ar\/index.php?rest_route=\/wp\/v2\/posts\/15303\/revisions"}],"predecessor-version":[{"id":15305,"href":"https:\/\/hablemosclarotdf.com.ar\/index.php?rest_route=\/wp\/v2\/posts\/15303\/revisions\/15305"}],"wp:featuredmedia":[{"embeddable":true,"href":"https:\/\/hablemosclarotdf.com.ar\/index.php?rest_route=\/wp\/v2\/media\/15304"}],"wp:attachment":[{"href":"https:\/\/hablemosclarotdf.com.ar\/index.php?rest_route=%2Fwp%2Fv2%2Fmedia&parent=15303"}],"wp:term":[{"taxonomy":"category","embeddable":true,"href":"https:\/\/hablemosclarotdf.com.ar\/index.php?rest_route=%2Fwp%2Fv2%2Fcategories&post=15303"},{"taxonomy":"post_tag","embeddable":true,"href":"https:\/\/hablemosclarotdf.com.ar\/index.php?rest_route=%2Fwp%2Fv2%2Ftags&post=15303"}],"curies":[{"name":"wp","href":"https:\/\/api.w.org\/{rel}","templated":true}]}}