{"id":15297,"date":"2024-10-18T14:49:42","date_gmt":"2024-10-18T17:49:42","guid":{"rendered":"https:\/\/hablemosclarotdf.com.ar\/?p=15297"},"modified":"2024-10-18T14:49:42","modified_gmt":"2024-10-18T17:49:42","slug":"ushuaia-la-secretaria-de-cultura-y-educacion-llevara-adelante-un-conversatorio-por-el-15-aniversario-del-museo-de-la-ciudad","status":"publish","type":"post","link":"https:\/\/hablemosclarotdf.com.ar\/?p=15297","title":{"rendered":"USHUAIA : LA SECRETAR\u00cdA DE CULTURA Y EDUCACI\u00d3N LLEVAR\u00c1 ADELANTE UN CONVERSATORIO POR EL 15\u00b0 ANIVERSARIO DEL MUSEO DE LA CIUDAD"},"content":{"rendered":"<p>La propuesta se realizar\u00e1 mi\u00e9rcoles 23 a las 18:00 horas<\/p>\n<p>La Municipalidad de Ushuaia, a trav\u00e9s de la Secretar\u00eda de Cultura y Educaci\u00f3n, llevar\u00e1 adelante en la Casa Pena \u2013 Museo de la Ciudad el conversatorio \u201cUn legado arquitect\u00f3nico: Antigua Casa Pena\u201d el d\u00eda mi\u00e9rcoles 23 a las 18:00 horas.<br \/>\nDicha iniciativa se da en el marco del 15\u00b0 Aniversario del espacio en el 140\u00b0 Aniversario de la ciudad y contar\u00e1 con un panel con integrantes de la Comisi\u00f3n de Antiguos y Pioneros Pobladores y trabajadores de la Municipalidad que participaron activamente en el traslado y emplazamiento de la Casa en su ubicaci\u00f3n actual. All\u00ed se har\u00e1 un repaso por la historia de la ic\u00f3nica casa construida en 1928 por el carpintero Lisardo Garc\u00eda, su declaraci\u00f3n en 1998 como Patrimonio Cultural de la Ciudad de Ushuaia y los distintos usos que tuvo a lo largo de los a\u00f1os como juzgado de Paz, empresa de transporte y pub hasta emplazarse como Museo de la Ciudad el 13 de octubre de 2009.<br \/>\nBel\u00e9n Molina, secretaria de Cultura y Educaci\u00f3n, destac\u00f3 que \u201ceste espacio de di\u00e1logo viene a visibilizar el recorrido hist\u00f3rico de nuestro Museo, un logro de vecinos y vecinas junto a la Municipalidad por rescatar parte de nuestra identidad como ushuaienses\u201d.<br \/>\n\u201cHoy el Museo no solo expone nuestro patrimonio hist\u00f3rico, sino que oficia como lugar de encuentro y acceso a la cultura, tendiendo puentes entre nuestra historia y cultura del presente\u201d finaliz\u00f3 la funcionaria.<br \/>\nQui\u00e9nes deseen visitar el Museo de la Ciudad, que contar\u00e1 con la muestra fotogr\u00e1fica y de objetos \u201cMuseo 15 a\u00f1os\u201d durante todo el mes de octubre, podr\u00e1n visitarlo de lunes a viernes de 10:00 a 18:00 horas y los d\u00edas s\u00e1bado de 15:00 a 19:00 horas. Para m\u00e1s informaci\u00f3n, podr\u00e1n acceder a las redes sociales de la Secretar\u00eda de Cultura y Educaci\u00f3n en @culturayeducacionush.<\/p>\n","protected":false},"excerpt":{"rendered":"<p>La propuesta se realizar\u00e1 mi\u00e9rcoles 23 a las 18:00 horas La Municipalidad de Ushuaia, a&#8230;<\/p>\n","protected":false},"author":1,"featured_media":15298,"comment_status":"closed","ping_status":"closed","sticky":false,"template":"","format":"standard","meta":{"footnotes":""},"categories":[3],"tags":[],"class_list":["post-15297","post","type-post","status-publish","format-standard","has-post-thumbnail","hentry","category-noticias"],"jetpack_featured_media_url":"https:\/\/hablemosclarotdf.com.ar\/wp-content\/uploads\/2024\/10\/photo_2024-10-18_14-48-48.jpg","_links":{"self":[{"href":"https:\/\/hablemosclarotdf.com.ar\/index.php?rest_route=\/wp\/v2\/posts\/15297","targetHints":{"allow":["GET"]}}],"collection":[{"href":"https:\/\/hablemosclarotdf.com.ar\/index.php?rest_route=\/wp\/v2\/posts"}],"about":[{"href":"https:\/\/hablemosclarotdf.com.ar\/index.php?rest_route=\/wp\/v2\/types\/post"}],"author":[{"embeddable":true,"href":"https:\/\/hablemosclarotdf.com.ar\/index.php?rest_route=\/wp\/v2\/users\/1"}],"replies":[{"embeddable":true,"href":"https:\/\/hablemosclarotdf.com.ar\/index.php?rest_route=%2Fwp%2Fv2%2Fcomments&post=15297"}],"version-history":[{"count":1,"href":"https:\/\/hablemosclarotdf.com.ar\/index.php?rest_route=\/wp\/v2\/posts\/15297\/revisions"}],"predecessor-version":[{"id":15299,"href":"https:\/\/hablemosclarotdf.com.ar\/index.php?rest_route=\/wp\/v2\/posts\/15297\/revisions\/15299"}],"wp:featuredmedia":[{"embeddable":true,"href":"https:\/\/hablemosclarotdf.com.ar\/index.php?rest_route=\/wp\/v2\/media\/15298"}],"wp:attachment":[{"href":"https:\/\/hablemosclarotdf.com.ar\/index.php?rest_route=%2Fwp%2Fv2%2Fmedia&parent=15297"}],"wp:term":[{"taxonomy":"category","embeddable":true,"href":"https:\/\/hablemosclarotdf.com.ar\/index.php?rest_route=%2Fwp%2Fv2%2Fcategories&post=15297"},{"taxonomy":"post_tag","embeddable":true,"href":"https:\/\/hablemosclarotdf.com.ar\/index.php?rest_route=%2Fwp%2Fv2%2Ftags&post=15297"}],"curies":[{"name":"wp","href":"https:\/\/api.w.org\/{rel}","templated":true}]}}