{"id":15291,"date":"2024-10-18T10:46:56","date_gmt":"2024-10-18T13:46:56","guid":{"rendered":"https:\/\/hablemosclarotdf.com.ar\/?p=15291"},"modified":"2024-10-18T10:46:56","modified_gmt":"2024-10-18T13:46:56","slug":"se-llevara-a-cabo-en-ushuaia-una-charla-informativa-sobre-el-registro-unico-de-adoptantes","status":"publish","type":"post","link":"https:\/\/hablemosclarotdf.com.ar\/?p=15291","title":{"rendered":"SE LLEVAR\u00c1 A CABO EN USHUAIA UNA CHARLA INFORMATIVA SOBRE EL REGISTRO \u00daNICO DE ADOPTANTES"},"content":{"rendered":"<p>La cita ser\u00e1 el pr\u00f3ximo lunes 21 de octubre a las 18 h. en el Centro Integrado Los Enanitos (Facundo Quiroga 2651) de la ciudad de Ushuaia.<\/p>\n<p>Con el objetivo de brindar informaci\u00f3n detallada, el encuentro estar\u00e1 a cargo de profesionales del Registro \u00danico de Adoptantes y del Poder Judicial, a la vez que participar\u00e1n familias que transitaron el proceso de adopci\u00f3n. La invitaci\u00f3n a esta convocatoria es libre, gratuita y est\u00e1 dirigida a la comunidad en general, as\u00ed como a aquellos interesados en inscribirse en el Registro \u00danico de Adoptantes.<\/p>\n<p>Sobre esto, la directora provincial del Registro \u00danico de Adoptantes, Manuela Spoturno, expres\u00f3 que \u201ceste encuentro se enmarca dentro de nuestro compromiso de acercar a la comunidad informaci\u00f3n relevante sobre el Registro \u00danico de Adoptantes, el cual es una herramienta fundamental para garantizar el derecho de cada ni\u00f1o, ni\u00f1a y adolescente a vivir en familia&#8221;.<\/p>\n<p>&#8220;Tenemos como objetivo facilitar una visi\u00f3n clara y comprensiva acerca del proceso de adopci\u00f3n\u201d, agreg\u00f3.<\/p>\n<p>Al mismo tiempo, sostuvo que \u201cen el camino hacia la adopci\u00f3n pueden surgir muchas preguntas y expectativas y es por ello que este espacio, desde un di\u00e1logo abierto y constructivo, busca derribar mitos sobre el tema y contribuir a dar visibilidad, as\u00ed como acompa\u00f1ar el camino hacia la formaci\u00f3n de nuevas familias en nuestra provincia\u201d.<\/p>\n<p>Sobre el Registro \u00danico de Adoptantes, Spoturno explic\u00f3 que \u201cen Tierra del Fuego, por el momento, no tenemos ni\u00f1os, ni\u00f1as y adolescentes en estado de adoptabilidad, pero el Registro es a nivel nacional, es decir que nos llegan todo el tiempo pedidos de colaboraci\u00f3n de otras jurisdicciones\u201d y precis\u00f3 que \u201cactualmente tenemos 18 familias inscriptas\u201d.<\/p>\n<p>Finalmente, la funcionaria remarc\u00f3 que quienes est\u00e9n interesados en anotarse \u201cdeben acercarse al Registro, que est\u00e1 ubicado en las 60 viviendas, tira 2, casa 8 o llamar al tel\u00e9fono 433-865 donde les vamos a brindar toda la informaci\u00f3n necesaria y los requisitos\u201d.<\/p>\n","protected":false},"excerpt":{"rendered":"<p>La cita ser\u00e1 el pr\u00f3ximo lunes 21 de octubre a las 18 h. en el&#8230;<\/p>\n","protected":false},"author":1,"featured_media":15292,"comment_status":"closed","ping_status":"closed","sticky":false,"template":"","format":"standard","meta":{"footnotes":""},"categories":[3],"tags":[],"class_list":["post-15291","post","type-post","status-publish","format-standard","has-post-thumbnail","hentry","category-noticias"],"jetpack_featured_media_url":"https:\/\/hablemosclarotdf.com.ar\/wp-content\/uploads\/2024\/10\/photo_2024-10-18_10-45-57.jpg","_links":{"self":[{"href":"https:\/\/hablemosclarotdf.com.ar\/index.php?rest_route=\/wp\/v2\/posts\/15291","targetHints":{"allow":["GET"]}}],"collection":[{"href":"https:\/\/hablemosclarotdf.com.ar\/index.php?rest_route=\/wp\/v2\/posts"}],"about":[{"href":"https:\/\/hablemosclarotdf.com.ar\/index.php?rest_route=\/wp\/v2\/types\/post"}],"author":[{"embeddable":true,"href":"https:\/\/hablemosclarotdf.com.ar\/index.php?rest_route=\/wp\/v2\/users\/1"}],"replies":[{"embeddable":true,"href":"https:\/\/hablemosclarotdf.com.ar\/index.php?rest_route=%2Fwp%2Fv2%2Fcomments&post=15291"}],"version-history":[{"count":1,"href":"https:\/\/hablemosclarotdf.com.ar\/index.php?rest_route=\/wp\/v2\/posts\/15291\/revisions"}],"predecessor-version":[{"id":15293,"href":"https:\/\/hablemosclarotdf.com.ar\/index.php?rest_route=\/wp\/v2\/posts\/15291\/revisions\/15293"}],"wp:featuredmedia":[{"embeddable":true,"href":"https:\/\/hablemosclarotdf.com.ar\/index.php?rest_route=\/wp\/v2\/media\/15292"}],"wp:attachment":[{"href":"https:\/\/hablemosclarotdf.com.ar\/index.php?rest_route=%2Fwp%2Fv2%2Fmedia&parent=15291"}],"wp:term":[{"taxonomy":"category","embeddable":true,"href":"https:\/\/hablemosclarotdf.com.ar\/index.php?rest_route=%2Fwp%2Fv2%2Fcategories&post=15291"},{"taxonomy":"post_tag","embeddable":true,"href":"https:\/\/hablemosclarotdf.com.ar\/index.php?rest_route=%2Fwp%2Fv2%2Ftags&post=15291"}],"curies":[{"name":"wp","href":"https:\/\/api.w.org\/{rel}","templated":true}]}}