{"id":15244,"date":"2024-10-18T10:29:15","date_gmt":"2024-10-18T13:29:15","guid":{"rendered":"https:\/\/hablemosclarotdf.com.ar\/?p=15244"},"modified":"2024-10-18T10:29:15","modified_gmt":"2024-10-18T13:29:15","slug":"modernizacion-en-el-centro-de-distribucion-torelli-de-ushuaia-vamos-a-contar-con-un-sistema-mas-protegido","status":"publish","type":"post","link":"https:\/\/hablemosclarotdf.com.ar\/?p=15244","title":{"rendered":"MODERNIZACI\u00d3N EN EL CENTRO DE DISTRIBUCI\u00d3N TORELLI DE USHUAIA: \u201cVAMOS A CONTAR CON UN SISTEMA M\u00c1S PROTEGIDO\u201d"},"content":{"rendered":"<p>La Ministra de Obras y Servicios P\u00fablicos de la Provincia, Gabriela Castillo, se refiri\u00f3 a la importancia de los trabajos de modernizaci\u00f3n que se llevar\u00e1n adelante este s\u00e1bado 19, domingo 20 y lunes 21 en el Centro de Distribuci\u00f3n Torelli de la ciudad de Ushuaia, asegurando que a trav\u00e9s de la Direcci\u00f3n Provincial de Energ\u00eda \u201chemos diagramado un esquema de trabajo para que los cortes se extiendan el menor tiempo posible\u201d.<\/p>\n<p>\u201cM\u00e1s all\u00e1 de la situaci\u00f3n de los cortes programados es muy importante que la comunidad sepa que estamos modernizando el Centro de Distribuci\u00f3n m\u00e1s importante de la ciudad\u201d, sostuvo la Ministra y record\u00f3 que \u201cla energ\u00eda que sale de la Usina va al Centro de Distribuci\u00f3n y desde all\u00ed se distribuye aproximadamente al 70% de la ciudad\u201d.<\/p>\n<p>Castillo se\u00f1al\u00f3 que los trabajos de modernizaci\u00f3n contemplan \u201cpoder sacar una l\u00ednea de distribuci\u00f3n el\u00e9ctrica por d\u00eda y realizar los cambios de protecciones\u201d, mencionando que \u201ctenemos planificados seis cortes de energ\u00eda en el transcurso del mes de octubre y estos son los primeros tres\u201d, por lo que \u201cavanzaremos en una segunda etapa de cortes de 8 a 14 horas, aunque esperamos demorar menos tiempo como sucedi\u00f3 cuando se realizaron los cambios de protecciones en las l\u00edneas de la Usina\u201d.<\/p>\n<p>La Ministra hizo hincapi\u00e9 en que los trabajos de renovaci\u00f3n tecnol\u00f3gica de este fin de semana y el pr\u00f3ximo lunes \u201cnos dar\u00e1 la posibilidad de contar con l\u00edneas de distribuci\u00f3n de energ\u00eda m\u00e1s seguras, con equipos de protecci\u00f3n nuevos; as\u00ed como un mejor reordenamiento y mejora\u201d.<\/p>\n<p>\u201cPor eso es tan importante el Centro de Distribuci\u00f3n Torelli y que podamos llevar adelante esta actualizaci\u00f3n de la tecnolog\u00eda, para que de esta manera podamos mejorar estos procesos en la distribuci\u00f3n de energ\u00eda\u201d, agreg\u00f3.<\/p>\n<p>Por \u00faltimo, Castillo reiter\u00f3 que si bien son obras de modernizaci\u00f3n indispensables \u201chemos tratado de programar estos trabajos para que tengan el menor impacto posible en la comunidad\u201d.<\/p>\n<p><img loading=\"lazy\" decoding=\"async\" class=\"alignnone size-medium wp-image-15246\" src=\"https:\/\/hablemosclarotdf.com.ar\/wp-content\/uploads\/2024\/10\/photo_2024-10-18_10-27-55-300x200.jpg\" alt=\"\" width=\"300\" height=\"200\" srcset=\"https:\/\/hablemosclarotdf.com.ar\/wp-content\/uploads\/2024\/10\/photo_2024-10-18_10-27-55-300x200.jpg 300w, https:\/\/hablemosclarotdf.com.ar\/wp-content\/uploads\/2024\/10\/photo_2024-10-18_10-27-55-1024x683.jpg 1024w, https:\/\/hablemosclarotdf.com.ar\/wp-content\/uploads\/2024\/10\/photo_2024-10-18_10-27-55-768x512.jpg 768w, https:\/\/hablemosclarotdf.com.ar\/wp-content\/uploads\/2024\/10\/photo_2024-10-18_10-27-55.jpg 1280w\" sizes=\"auto, (max-width: 300px) 100vw, 300px\" \/> <img loading=\"lazy\" decoding=\"async\" class=\"alignnone size-medium wp-image-15247\" src=\"https:\/\/hablemosclarotdf.com.ar\/wp-content\/uploads\/2024\/10\/photo_2024-10-18_10-27-59-300x200.jpg\" alt=\"\" width=\"300\" height=\"200\" srcset=\"https:\/\/hablemosclarotdf.com.ar\/wp-content\/uploads\/2024\/10\/photo_2024-10-18_10-27-59-300x200.jpg 300w, https:\/\/hablemosclarotdf.com.ar\/wp-content\/uploads\/2024\/10\/photo_2024-10-18_10-27-59-1024x683.jpg 1024w, https:\/\/hablemosclarotdf.com.ar\/wp-content\/uploads\/2024\/10\/photo_2024-10-18_10-27-59-768x512.jpg 768w, https:\/\/hablemosclarotdf.com.ar\/wp-content\/uploads\/2024\/10\/photo_2024-10-18_10-27-59.jpg 1280w\" sizes=\"auto, (max-width: 300px) 100vw, 300px\" \/><\/p>\n","protected":false},"excerpt":{"rendered":"<p>La Ministra de Obras y Servicios P\u00fablicos de la Provincia, Gabriela Castillo, se refiri\u00f3 a&#8230;<\/p>\n","protected":false},"author":1,"featured_media":15245,"comment_status":"closed","ping_status":"closed","sticky":false,"template":"","format":"standard","meta":{"footnotes":""},"categories":[3],"tags":[],"class_list":["post-15244","post","type-post","status-publish","format-standard","has-post-thumbnail","hentry","category-noticias"],"jetpack_featured_media_url":"https:\/\/hablemosclarotdf.com.ar\/wp-content\/uploads\/2024\/10\/photo_2024-10-18_10-27-50.jpg","_links":{"self":[{"href":"https:\/\/hablemosclarotdf.com.ar\/index.php?rest_route=\/wp\/v2\/posts\/15244","targetHints":{"allow":["GET"]}}],"collection":[{"href":"https:\/\/hablemosclarotdf.com.ar\/index.php?rest_route=\/wp\/v2\/posts"}],"about":[{"href":"https:\/\/hablemosclarotdf.com.ar\/index.php?rest_route=\/wp\/v2\/types\/post"}],"author":[{"embeddable":true,"href":"https:\/\/hablemosclarotdf.com.ar\/index.php?rest_route=\/wp\/v2\/users\/1"}],"replies":[{"embeddable":true,"href":"https:\/\/hablemosclarotdf.com.ar\/index.php?rest_route=%2Fwp%2Fv2%2Fcomments&post=15244"}],"version-history":[{"count":1,"href":"https:\/\/hablemosclarotdf.com.ar\/index.php?rest_route=\/wp\/v2\/posts\/15244\/revisions"}],"predecessor-version":[{"id":15248,"href":"https:\/\/hablemosclarotdf.com.ar\/index.php?rest_route=\/wp\/v2\/posts\/15244\/revisions\/15248"}],"wp:featuredmedia":[{"embeddable":true,"href":"https:\/\/hablemosclarotdf.com.ar\/index.php?rest_route=\/wp\/v2\/media\/15245"}],"wp:attachment":[{"href":"https:\/\/hablemosclarotdf.com.ar\/index.php?rest_route=%2Fwp%2Fv2%2Fmedia&parent=15244"}],"wp:term":[{"taxonomy":"category","embeddable":true,"href":"https:\/\/hablemosclarotdf.com.ar\/index.php?rest_route=%2Fwp%2Fv2%2Fcategories&post=15244"},{"taxonomy":"post_tag","embeddable":true,"href":"https:\/\/hablemosclarotdf.com.ar\/index.php?rest_route=%2Fwp%2Fv2%2Ftags&post=15244"}],"curies":[{"name":"wp","href":"https:\/\/api.w.org\/{rel}","templated":true}]}}