{"id":15239,"date":"2024-10-18T10:25:34","date_gmt":"2024-10-18T13:25:34","guid":{"rendered":"https:\/\/hablemosclarotdf.com.ar\/?p=15239"},"modified":"2024-10-18T10:25:34","modified_gmt":"2024-10-18T13:25:34","slug":"rio-grande-el-municipio-invierte-en-infraestructura-para-transformar-la-ciudad","status":"publish","type":"post","link":"https:\/\/hablemosclarotdf.com.ar\/?p=15239","title":{"rendered":"RIO GRANDE : EL MUNICIPIO INVIERTE EN INFRAESTRUCTURA PARA TRANSFORMAR LA CIUDAD"},"content":{"rendered":"<p>Con recursos de los vecinos y vecinas, el Municipio impulsa un importante despliegue -con maquinarias y trabajadores- que llega a distintos sectores. Por un lado, se realizan trabajos de pintura, limpieza y mantenimiento para embellecer nuestros espacios p\u00fablicos. Paralelamente, distintas arterias son intervenidas en el marco del Plan de Obras Viales 2024\u20132025, con el fin de lograr una ciudad m\u00e1s segura y mejor conectada. En R\u00edo Grande se refuerza el modelo de gesti\u00f3n del intendente Mart\u00edn Perez, en la cual la obra p\u00fablica se erige como motor del crecimiento y desarrollo comunitario.<\/p>\n<p>En el marco del Plan de Obras Viales, est\u00e1n en ejecuci\u00f3n los trabajos de remediaci\u00f3n asf\u00e1ltica en ambas manos del Puente General Mosconi como as\u00ed tambi\u00e9n en la Av. H\u00e9roes de Malvinas desde Belgrano hasta la nueva Santa Fe. A esto se suma, la repavimentaci\u00f3n de la calle 25 de mayo en el tramo comprendido entre Almafuerte y Col\u00f3n. En virtud de dicha obra, se mantendr\u00e1 la reducci\u00f3n del tr\u00e1nsito en calzada completa de la arteria por el plazo de 30 d\u00edas<\/p>\n<p>Asimismo, se llevan adelante trabajos de demolici\u00f3n de pavimento deteriorado entre la Rotonda de las Am\u00e9ricas y Pellegrini, en ambas manos, como as\u00ed tambi\u00e9n en las calles Forgacs y Don Bosco. En los pr\u00f3ximos d\u00edas, en ambos sectores se realizar\u00e1 el correspondiente hormigonado.<\/p>\n<p>A la mejora de distintas arterias que conectan la ciudad, se suman labores de embellecimiento tales como pintura, limpieza y parquizado. Las tareas se desarrollan en canteros y boulevares sobre la Av. Santa Fe, desde la Rotonda del Avi\u00f3n en direcci\u00f3n a la Av. San Mart\u00edn; la Rotonda de las Am\u00e9ricas; as\u00ed como en el Parque de los 100 a\u00f1os y en inmediaciones de la Rotonda del CEMEP.<\/p>\n<p>Con trabajos en toda la ciudad, se mejora de infraestructura y se transforma a R\u00edo Grande para lograr una ciudad donde las y los vecinos pueden disfrutar, desarrollarse y crecer con calidad de vida y arraigo.<\/p>\n<p><img loading=\"lazy\" decoding=\"async\" class=\"alignnone size-medium wp-image-15241\" src=\"https:\/\/hablemosclarotdf.com.ar\/wp-content\/uploads\/2024\/10\/photo_2024-10-18_10-24-16-300x200.jpg\" alt=\"\" width=\"300\" height=\"200\" srcset=\"https:\/\/hablemosclarotdf.com.ar\/wp-content\/uploads\/2024\/10\/photo_2024-10-18_10-24-16-300x200.jpg 300w, https:\/\/hablemosclarotdf.com.ar\/wp-content\/uploads\/2024\/10\/photo_2024-10-18_10-24-16-1024x682.jpg 1024w, https:\/\/hablemosclarotdf.com.ar\/wp-content\/uploads\/2024\/10\/photo_2024-10-18_10-24-16-768x512.jpg 768w, https:\/\/hablemosclarotdf.com.ar\/wp-content\/uploads\/2024\/10\/photo_2024-10-18_10-24-16.jpg 1280w\" sizes=\"auto, (max-width: 300px) 100vw, 300px\" \/> <img loading=\"lazy\" decoding=\"async\" class=\"alignnone size-medium wp-image-15242\" src=\"https:\/\/hablemosclarotdf.com.ar\/wp-content\/uploads\/2024\/10\/photo_2024-10-18_10-24-22-300x200.jpg\" alt=\"\" width=\"300\" height=\"200\" srcset=\"https:\/\/hablemosclarotdf.com.ar\/wp-content\/uploads\/2024\/10\/photo_2024-10-18_10-24-22-300x200.jpg 300w, https:\/\/hablemosclarotdf.com.ar\/wp-content\/uploads\/2024\/10\/photo_2024-10-18_10-24-22-1024x682.jpg 1024w, https:\/\/hablemosclarotdf.com.ar\/wp-content\/uploads\/2024\/10\/photo_2024-10-18_10-24-22-768x512.jpg 768w, https:\/\/hablemosclarotdf.com.ar\/wp-content\/uploads\/2024\/10\/photo_2024-10-18_10-24-22.jpg 1280w\" sizes=\"auto, (max-width: 300px) 100vw, 300px\" \/><\/p>\n","protected":false},"excerpt":{"rendered":"<p>Con recursos de los vecinos y vecinas, el Municipio impulsa un importante despliegue -con maquinarias&#8230;<\/p>\n","protected":false},"author":1,"featured_media":15240,"comment_status":"closed","ping_status":"closed","sticky":false,"template":"","format":"standard","meta":{"footnotes":""},"categories":[3],"tags":[],"class_list":["post-15239","post","type-post","status-publish","format-standard","has-post-thumbnail","hentry","category-noticias"],"jetpack_featured_media_url":"https:\/\/hablemosclarotdf.com.ar\/wp-content\/uploads\/2024\/10\/photo_2024-10-18_10-24-11.jpg","_links":{"self":[{"href":"https:\/\/hablemosclarotdf.com.ar\/index.php?rest_route=\/wp\/v2\/posts\/15239","targetHints":{"allow":["GET"]}}],"collection":[{"href":"https:\/\/hablemosclarotdf.com.ar\/index.php?rest_route=\/wp\/v2\/posts"}],"about":[{"href":"https:\/\/hablemosclarotdf.com.ar\/index.php?rest_route=\/wp\/v2\/types\/post"}],"author":[{"embeddable":true,"href":"https:\/\/hablemosclarotdf.com.ar\/index.php?rest_route=\/wp\/v2\/users\/1"}],"replies":[{"embeddable":true,"href":"https:\/\/hablemosclarotdf.com.ar\/index.php?rest_route=%2Fwp%2Fv2%2Fcomments&post=15239"}],"version-history":[{"count":1,"href":"https:\/\/hablemosclarotdf.com.ar\/index.php?rest_route=\/wp\/v2\/posts\/15239\/revisions"}],"predecessor-version":[{"id":15243,"href":"https:\/\/hablemosclarotdf.com.ar\/index.php?rest_route=\/wp\/v2\/posts\/15239\/revisions\/15243"}],"wp:featuredmedia":[{"embeddable":true,"href":"https:\/\/hablemosclarotdf.com.ar\/index.php?rest_route=\/wp\/v2\/media\/15240"}],"wp:attachment":[{"href":"https:\/\/hablemosclarotdf.com.ar\/index.php?rest_route=%2Fwp%2Fv2%2Fmedia&parent=15239"}],"wp:term":[{"taxonomy":"category","embeddable":true,"href":"https:\/\/hablemosclarotdf.com.ar\/index.php?rest_route=%2Fwp%2Fv2%2Fcategories&post=15239"},{"taxonomy":"post_tag","embeddable":true,"href":"https:\/\/hablemosclarotdf.com.ar\/index.php?rest_route=%2Fwp%2Fv2%2Ftags&post=15239"}],"curies":[{"name":"wp","href":"https:\/\/api.w.org\/{rel}","templated":true}]}}