{"id":15201,"date":"2024-10-17T18:31:46","date_gmt":"2024-10-17T21:31:46","guid":{"rendered":"https:\/\/hablemosclarotdf.com.ar\/?p=15201"},"modified":"2024-10-17T18:31:46","modified_gmt":"2024-10-17T21:31:46","slug":"estamos-a-un-paso-de-terminar-con-la-obra-civil-del-microestadio","status":"publish","type":"post","link":"https:\/\/hablemosclarotdf.com.ar\/?p=15201","title":{"rendered":"\u201cESTAMOS A UN PASO DE TERMINAR CON LA OBRA CIVIL DEL MICROESTADIO\u201d"},"content":{"rendered":"<p>Lo sostuvo la ministra de Obra y Servicios P\u00fablicos, Gabriela Castillo, al destacar el avance de la obra de micro estadio en la ciudad de R\u00edo Grande donde se est\u00e1n llevando adelante trabajos de colocaci\u00f3n del piso deportivo.<\/p>\n<p>\u201cEstamos con la colocaci\u00f3n del piso deportivo, de id\u00e9nticas condiciones al de La Casa del Deporte Esta es la \u00faltima tarea que tenemos dentro del estadio; ya esta habilitada la calefacci\u00f3n y todo lo que tiene que ver con el resto de los sistemas para dar por finalizada con la obra civil\u201d, sostuvo Castillo.<\/p>\n<p>La funcionaria estuvo acompa\u00f1ada en la recorrida por el secretario de Deportes de la provincia, Mat\u00edas Run\u00edn, y equipo t\u00e9cnico de ambas carteras, oportunidad en la que record\u00f3 que este microestadio \u201cen primera instancia fue pensado para infraestructura deportiva, de competencia y con gran cantidad de p\u00fablico, pero tenemos la posibilidad de que sea tambi\u00e9n un lugar de encuentro para una actividad cultural, por ejemplo, porque la capacidad es de 3.500 personas sentadas en las gradas de la parte superior y 2 mil m\u00e1s en la superficie de cancha\u201d.<\/p>\n<p>Al destacar el avance en los trabajos, la Ministra record\u00f3 que \u201cen tiempos de inestabilidad econ\u00f3mica, los desfasajes han sido muy grandes, por lo que el esfuerzo para continuar la obra es muy importante\u201d.<\/p>\n<p>\u201cEl primer desaf\u00edo que tuvimos fue hacer todas las obras complementarias que no hab\u00edan sido contempladas\u201d, record\u00f3 Castillo. \u201cEn esto decimos que vamos paso a paso, palpitando la finalizaci\u00f3n de la obra civil, nos queda por delante hacer la t\u00e9cnica, que tampoco estaba contemplado cuando se hab\u00eda iniciado la obra\u201d, subray\u00f3.<\/p>\n<p>En tanto el Secretario de Deportes rescat\u00f3 que \u201ces una obra muy esperada por todos los deportistas de la provincia y de la regi\u00f3n, va a albergar a todo lo que tiene que ver con el deporte federado, de todos aquellos clubes que desarrollan actividades tanto en deportes individuales como de conjunto\u201d.<\/p>\n<p>\u201cEs algo \u00fanico e hist\u00f3rico en la provincia y va a marcar un antes y un despu\u00e9s en la proyecci\u00f3n deportiva de todos los atletas, teniendo en cuenta el gran crecimiento deportivo que se viene desarrollando de la mano de la Secretaria de Deportes en general, a trav\u00e9s de la participaci\u00f3n en juegos regionales y nacionales\u201d, subray\u00f3 Mat\u00edas Run\u00edn.<\/p>\n<p>\u201cEs muy importante destacar el enorme trabajo del ministerio de Obras P\u00fablicas y el esfuerzo en la inversi\u00f3n en este espacio que refleja la decisi\u00f3n pol\u00edtica de esta gesti\u00f3n en el desarrollo deportivo en toda la provincia\u201d, reafirm\u00f3.<\/p>\n<p><img loading=\"lazy\" decoding=\"async\" class=\"alignnone size-medium wp-image-15203\" src=\"https:\/\/hablemosclarotdf.com.ar\/wp-content\/uploads\/2024\/10\/photo_2024-10-17_18-30-46-300x200.jpg\" alt=\"\" width=\"300\" height=\"200\" srcset=\"https:\/\/hablemosclarotdf.com.ar\/wp-content\/uploads\/2024\/10\/photo_2024-10-17_18-30-46-300x200.jpg 300w, https:\/\/hablemosclarotdf.com.ar\/wp-content\/uploads\/2024\/10\/photo_2024-10-17_18-30-46-1024x682.jpg 1024w, https:\/\/hablemosclarotdf.com.ar\/wp-content\/uploads\/2024\/10\/photo_2024-10-17_18-30-46-768x512.jpg 768w, https:\/\/hablemosclarotdf.com.ar\/wp-content\/uploads\/2024\/10\/photo_2024-10-17_18-30-46.jpg 1280w\" sizes=\"auto, (max-width: 300px) 100vw, 300px\" \/> <img loading=\"lazy\" decoding=\"async\" class=\"alignnone size-medium wp-image-15204\" src=\"https:\/\/hablemosclarotdf.com.ar\/wp-content\/uploads\/2024\/10\/photo_2024-10-17_18-30-56-300x200.jpg\" alt=\"\" width=\"300\" height=\"200\" srcset=\"https:\/\/hablemosclarotdf.com.ar\/wp-content\/uploads\/2024\/10\/photo_2024-10-17_18-30-56-300x200.jpg 300w, https:\/\/hablemosclarotdf.com.ar\/wp-content\/uploads\/2024\/10\/photo_2024-10-17_18-30-56-1024x682.jpg 1024w, https:\/\/hablemosclarotdf.com.ar\/wp-content\/uploads\/2024\/10\/photo_2024-10-17_18-30-56-768x512.jpg 768w, https:\/\/hablemosclarotdf.com.ar\/wp-content\/uploads\/2024\/10\/photo_2024-10-17_18-30-56.jpg 1280w\" sizes=\"auto, (max-width: 300px) 100vw, 300px\" \/><\/p>\n","protected":false},"excerpt":{"rendered":"<p>Lo sostuvo la ministra de Obra y Servicios P\u00fablicos, Gabriela Castillo, al destacar el avance&#8230;<\/p>\n","protected":false},"author":1,"featured_media":15202,"comment_status":"closed","ping_status":"closed","sticky":false,"template":"","format":"standard","meta":{"footnotes":""},"categories":[3],"tags":[],"class_list":["post-15201","post","type-post","status-publish","format-standard","has-post-thumbnail","hentry","category-noticias"],"jetpack_featured_media_url":"https:\/\/hablemosclarotdf.com.ar\/wp-content\/uploads\/2024\/10\/photo_2024-10-17_18-30-42.jpg","_links":{"self":[{"href":"https:\/\/hablemosclarotdf.com.ar\/index.php?rest_route=\/wp\/v2\/posts\/15201","targetHints":{"allow":["GET"]}}],"collection":[{"href":"https:\/\/hablemosclarotdf.com.ar\/index.php?rest_route=\/wp\/v2\/posts"}],"about":[{"href":"https:\/\/hablemosclarotdf.com.ar\/index.php?rest_route=\/wp\/v2\/types\/post"}],"author":[{"embeddable":true,"href":"https:\/\/hablemosclarotdf.com.ar\/index.php?rest_route=\/wp\/v2\/users\/1"}],"replies":[{"embeddable":true,"href":"https:\/\/hablemosclarotdf.com.ar\/index.php?rest_route=%2Fwp%2Fv2%2Fcomments&post=15201"}],"version-history":[{"count":1,"href":"https:\/\/hablemosclarotdf.com.ar\/index.php?rest_route=\/wp\/v2\/posts\/15201\/revisions"}],"predecessor-version":[{"id":15205,"href":"https:\/\/hablemosclarotdf.com.ar\/index.php?rest_route=\/wp\/v2\/posts\/15201\/revisions\/15205"}],"wp:featuredmedia":[{"embeddable":true,"href":"https:\/\/hablemosclarotdf.com.ar\/index.php?rest_route=\/wp\/v2\/media\/15202"}],"wp:attachment":[{"href":"https:\/\/hablemosclarotdf.com.ar\/index.php?rest_route=%2Fwp%2Fv2%2Fmedia&parent=15201"}],"wp:term":[{"taxonomy":"category","embeddable":true,"href":"https:\/\/hablemosclarotdf.com.ar\/index.php?rest_route=%2Fwp%2Fv2%2Fcategories&post=15201"},{"taxonomy":"post_tag","embeddable":true,"href":"https:\/\/hablemosclarotdf.com.ar\/index.php?rest_route=%2Fwp%2Fv2%2Ftags&post=15201"}],"curies":[{"name":"wp","href":"https:\/\/api.w.org\/{rel}","templated":true}]}}