{"id":15195,"date":"2024-10-17T18:29:27","date_gmt":"2024-10-17T21:29:27","guid":{"rendered":"https:\/\/hablemosclarotdf.com.ar\/?p=15195"},"modified":"2024-10-17T18:29:27","modified_gmt":"2024-10-17T21:29:27","slug":"rio-grande-el-heroe-de-malvinas-owen-crippa-brindo-una-charla-en-rio-grande","status":"publish","type":"post","link":"https:\/\/hablemosclarotdf.com.ar\/?p=15195","title":{"rendered":"RIO GRANDE : EL H\u00c9ROE DE MALVINAS OWEN CRIPPA BRIND\u00d3 UNA CHARLA EN R\u00cdO GRANDE"},"content":{"rendered":"<p>La misma tuvo lugar en el microcine del Museo Municipal \u201cVirginia Choquintel\u201d. La actividad denominada \u201cUna mirada sobre la Guerra de Malvinas\u201d fue en el marco de la presentaci\u00f3n de su libro \u201cCon la patria en el alma\u201d.<\/p>\n<p>El teniente de Nav\u00edo VGM (RE) aviador naval, Owen Crippa, condecorado con la Cruz al Heroico Valor en Combate por sus acciones a\u00e9reas y oriundo de Santa Fe, ofreci\u00f3 una charla en nuestra ciudad sobre el contexto previo al inicio del conflicto b\u00e9lico entre Argentina y Gran Breta\u00f1a.<\/p>\n<p>A trav\u00e9s de las 320 p\u00e1ginas que componen su obra, Crippa relata los d\u00edas de la Guerra de Malvinas desde su heroica labor como aviador naval. Tambi\u00e9n comparti\u00f3 sus experiencias al mando de distintas aeronaves de la Armada Argentina y de su entrega basada en un profundo amor a la Patria. Es de mencionar que, a trav\u00e9s de la venta de su libro, el autor est\u00e1 recaudando fondos para la repatriaci\u00f3n de su avi\u00f3n desde los Estados Unidos.<\/p>\n<p>Participaron de la charla el director General de Cooperaci\u00f3n y Asuntos Estrat\u00e9gicos, Ariel Rodr\u00edguez; el director de Asuntos Relativos a Malvinas, Atl\u00e1ntico Sur y Ant\u00e1rtida, Hugo Mart\u00ednez; el VGM Roma Alancay en representaci\u00f3n del Centro de Veteranos de Malvinas; quienes hicieron entrega al disertante de un ejemplar del libro \u201cCiudad de la Soberan\u00eda. R\u00edo Grande, Malvinas y la construcci\u00f3n de la Argentina Bicontinental\u201d y del primer n\u00famero de la revista \u201cEstepa y Mar\u201d la cual est\u00e1 abocada a la Causa Malvinas.<\/p>\n<p>Adem\u00e1s, acompa\u00f1aron el evento: Veteranos de Malvinas de R\u00edo Grande, el Grupo de Modelistas Fueguinos, miembros de las distintas fuerzas armadas y de seguridad, y p\u00fablico en general.<\/p>\n<p><img loading=\"lazy\" decoding=\"async\" class=\"alignnone size-medium wp-image-15197\" src=\"https:\/\/hablemosclarotdf.com.ar\/wp-content\/uploads\/2024\/10\/photo_2024-10-17_18-28-15-300x200.jpg\" alt=\"\" width=\"300\" height=\"200\" srcset=\"https:\/\/hablemosclarotdf.com.ar\/wp-content\/uploads\/2024\/10\/photo_2024-10-17_18-28-15-300x200.jpg 300w, https:\/\/hablemosclarotdf.com.ar\/wp-content\/uploads\/2024\/10\/photo_2024-10-17_18-28-15-1024x682.jpg 1024w, https:\/\/hablemosclarotdf.com.ar\/wp-content\/uploads\/2024\/10\/photo_2024-10-17_18-28-15-768x512.jpg 768w, https:\/\/hablemosclarotdf.com.ar\/wp-content\/uploads\/2024\/10\/photo_2024-10-17_18-28-15.jpg 1280w\" sizes=\"auto, (max-width: 300px) 100vw, 300px\" \/> <img loading=\"lazy\" decoding=\"async\" class=\"alignnone size-medium wp-image-15198\" src=\"https:\/\/hablemosclarotdf.com.ar\/wp-content\/uploads\/2024\/10\/photo_2024-10-17_18-28-24-300x200.jpg\" alt=\"\" width=\"300\" height=\"200\" srcset=\"https:\/\/hablemosclarotdf.com.ar\/wp-content\/uploads\/2024\/10\/photo_2024-10-17_18-28-24-300x200.jpg 300w, https:\/\/hablemosclarotdf.com.ar\/wp-content\/uploads\/2024\/10\/photo_2024-10-17_18-28-24-1024x682.jpg 1024w, https:\/\/hablemosclarotdf.com.ar\/wp-content\/uploads\/2024\/10\/photo_2024-10-17_18-28-24-768x512.jpg 768w, https:\/\/hablemosclarotdf.com.ar\/wp-content\/uploads\/2024\/10\/photo_2024-10-17_18-28-24.jpg 1280w\" sizes=\"auto, (max-width: 300px) 100vw, 300px\" \/> <img loading=\"lazy\" decoding=\"async\" class=\"alignnone size-medium wp-image-15199\" src=\"https:\/\/hablemosclarotdf.com.ar\/wp-content\/uploads\/2024\/10\/photo_2024-10-17_18-28-30-300x147.jpg\" alt=\"\" width=\"300\" height=\"147\" srcset=\"https:\/\/hablemosclarotdf.com.ar\/wp-content\/uploads\/2024\/10\/photo_2024-10-17_18-28-30-300x147.jpg 300w, https:\/\/hablemosclarotdf.com.ar\/wp-content\/uploads\/2024\/10\/photo_2024-10-17_18-28-30-1024x501.jpg 1024w, https:\/\/hablemosclarotdf.com.ar\/wp-content\/uploads\/2024\/10\/photo_2024-10-17_18-28-30-768x376.jpg 768w, https:\/\/hablemosclarotdf.com.ar\/wp-content\/uploads\/2024\/10\/photo_2024-10-17_18-28-30.jpg 1280w\" sizes=\"auto, (max-width: 300px) 100vw, 300px\" \/><\/p>\n","protected":false},"excerpt":{"rendered":"<p>La misma tuvo lugar en el microcine del Museo Municipal \u201cVirginia Choquintel\u201d. La actividad denominada&#8230;<\/p>\n","protected":false},"author":1,"featured_media":15196,"comment_status":"closed","ping_status":"closed","sticky":false,"template":"","format":"standard","meta":{"footnotes":""},"categories":[3],"tags":[],"class_list":["post-15195","post","type-post","status-publish","format-standard","has-post-thumbnail","hentry","category-noticias"],"jetpack_featured_media_url":"https:\/\/hablemosclarotdf.com.ar\/wp-content\/uploads\/2024\/10\/photo_2024-10-17_18-28-10.jpg","_links":{"self":[{"href":"https:\/\/hablemosclarotdf.com.ar\/index.php?rest_route=\/wp\/v2\/posts\/15195","targetHints":{"allow":["GET"]}}],"collection":[{"href":"https:\/\/hablemosclarotdf.com.ar\/index.php?rest_route=\/wp\/v2\/posts"}],"about":[{"href":"https:\/\/hablemosclarotdf.com.ar\/index.php?rest_route=\/wp\/v2\/types\/post"}],"author":[{"embeddable":true,"href":"https:\/\/hablemosclarotdf.com.ar\/index.php?rest_route=\/wp\/v2\/users\/1"}],"replies":[{"embeddable":true,"href":"https:\/\/hablemosclarotdf.com.ar\/index.php?rest_route=%2Fwp%2Fv2%2Fcomments&post=15195"}],"version-history":[{"count":1,"href":"https:\/\/hablemosclarotdf.com.ar\/index.php?rest_route=\/wp\/v2\/posts\/15195\/revisions"}],"predecessor-version":[{"id":15200,"href":"https:\/\/hablemosclarotdf.com.ar\/index.php?rest_route=\/wp\/v2\/posts\/15195\/revisions\/15200"}],"wp:featuredmedia":[{"embeddable":true,"href":"https:\/\/hablemosclarotdf.com.ar\/index.php?rest_route=\/wp\/v2\/media\/15196"}],"wp:attachment":[{"href":"https:\/\/hablemosclarotdf.com.ar\/index.php?rest_route=%2Fwp%2Fv2%2Fmedia&parent=15195"}],"wp:term":[{"taxonomy":"category","embeddable":true,"href":"https:\/\/hablemosclarotdf.com.ar\/index.php?rest_route=%2Fwp%2Fv2%2Fcategories&post=15195"},{"taxonomy":"post_tag","embeddable":true,"href":"https:\/\/hablemosclarotdf.com.ar\/index.php?rest_route=%2Fwp%2Fv2%2Ftags&post=15195"}],"curies":[{"name":"wp","href":"https:\/\/api.w.org\/{rel}","templated":true}]}}