{"id":15173,"date":"2024-10-17T18:18:48","date_gmt":"2024-10-17T21:18:48","guid":{"rendered":"https:\/\/hablemosclarotdf.com.ar\/?p=15173"},"modified":"2024-10-17T18:18:48","modified_gmt":"2024-10-17T21:18:48","slug":"ushuaia-la-municipalidad-llevara-adelante-el-concierto-de-canto-y-coro-este-sabado-19-en-la-antigua-casa-beban","status":"publish","type":"post","link":"https:\/\/hablemosclarotdf.com.ar\/?p=15173","title":{"rendered":"USHUAIA : LA MUNICIPALIDAD  LLEVAR\u00c1 ADELANTE EL CONCIERTO DE \u201cCANTO Y CORO\u201d ESTE S\u00c1BADO 19 EN LA ANTIGUA CASA BEBAN"},"content":{"rendered":"<p>La muestra presentar\u00e1 el trabajo realizado durante el a\u00f1o por las y los alumnos del taller municipal<\/p>\n<p>La Secretar\u00eda de Cultura y Educaci\u00f3n de la Municipalidad de Ushuaia llevar\u00e1 adelante el d\u00eda s\u00e1bado 19 a las 18:00 horas en la Antigua Casa Beban el concierto \u201cCanto y Coro\u201d parte del taller municipal hom\u00f3nimo.<br \/>\nLa propuesta, que es abierta a toda la comunidad, estar\u00e1 a cargo de la profesora y tallerista Manuela Bubis poniendo en escena lo aprendido durante el transcurso del taller municipal por los alumnos y alumnas, que contar\u00e1n con la experiencia de cantar frente al p\u00fablico el repertorio ensayado.<br \/>\nVanina Ojeda, subsecretaria de Cultura, destac\u00f3 que \u201cdesde la gesti\u00f3n apoyamos todas las acciones y actividades de los talleres, acompa\u00f1ando a las y los profesores a modo de visibilizar su trabajo ante la sociedad para que conozcan a nuestras y nuestros formadores art\u00edsticos\u201d.<br \/>\n\u201cAdem\u00e1s es una manera comunitaria, desde el arte, de estar cerca de los vecinos y vecinas ya sea como espectadores o como futuros participantes de estas propuestas\u201d concluy\u00f3 Ojeda.<br \/>\nPara conocer m\u00e1s sobre el concierto de \u201cCanto y Coro\u201d, as\u00ed como las diversas propuestas vinculadas a los talleres culturales municipales, las y los interesados podr\u00e1n acceder a las redes sociales de la Secretar\u00eda de Cultura y Educaci\u00f3n en @culturayeducacionush.<\/p>\n","protected":false},"excerpt":{"rendered":"<p>La muestra presentar\u00e1 el trabajo realizado durante el a\u00f1o por las y los alumnos del&#8230;<\/p>\n","protected":false},"author":1,"featured_media":15174,"comment_status":"closed","ping_status":"closed","sticky":false,"template":"","format":"standard","meta":{"footnotes":""},"categories":[3],"tags":[],"class_list":["post-15173","post","type-post","status-publish","format-standard","has-post-thumbnail","hentry","category-noticias"],"jetpack_featured_media_url":"https:\/\/hablemosclarotdf.com.ar\/wp-content\/uploads\/2024\/10\/photo_2024-10-17_18-18-25.jpg","_links":{"self":[{"href":"https:\/\/hablemosclarotdf.com.ar\/index.php?rest_route=\/wp\/v2\/posts\/15173","targetHints":{"allow":["GET"]}}],"collection":[{"href":"https:\/\/hablemosclarotdf.com.ar\/index.php?rest_route=\/wp\/v2\/posts"}],"about":[{"href":"https:\/\/hablemosclarotdf.com.ar\/index.php?rest_route=\/wp\/v2\/types\/post"}],"author":[{"embeddable":true,"href":"https:\/\/hablemosclarotdf.com.ar\/index.php?rest_route=\/wp\/v2\/users\/1"}],"replies":[{"embeddable":true,"href":"https:\/\/hablemosclarotdf.com.ar\/index.php?rest_route=%2Fwp%2Fv2%2Fcomments&post=15173"}],"version-history":[{"count":1,"href":"https:\/\/hablemosclarotdf.com.ar\/index.php?rest_route=\/wp\/v2\/posts\/15173\/revisions"}],"predecessor-version":[{"id":15175,"href":"https:\/\/hablemosclarotdf.com.ar\/index.php?rest_route=\/wp\/v2\/posts\/15173\/revisions\/15175"}],"wp:featuredmedia":[{"embeddable":true,"href":"https:\/\/hablemosclarotdf.com.ar\/index.php?rest_route=\/wp\/v2\/media\/15174"}],"wp:attachment":[{"href":"https:\/\/hablemosclarotdf.com.ar\/index.php?rest_route=%2Fwp%2Fv2%2Fmedia&parent=15173"}],"wp:term":[{"taxonomy":"category","embeddable":true,"href":"https:\/\/hablemosclarotdf.com.ar\/index.php?rest_route=%2Fwp%2Fv2%2Fcategories&post=15173"},{"taxonomy":"post_tag","embeddable":true,"href":"https:\/\/hablemosclarotdf.com.ar\/index.php?rest_route=%2Fwp%2Fv2%2Ftags&post=15173"}],"curies":[{"name":"wp","href":"https:\/\/api.w.org\/{rel}","templated":true}]}}