{"id":15156,"date":"2024-10-17T18:16:14","date_gmt":"2024-10-17T21:16:14","guid":{"rendered":"https:\/\/hablemosclarotdf.com.ar\/?p=15156"},"modified":"2024-10-17T18:16:14","modified_gmt":"2024-10-17T21:16:14","slug":"ushuaia-se-llevo-adelante-el-lanzamiento-del-programa-de-fomento-local-para-la-accion-del-movimiento-de-estudiantes-agrupados","status":"publish","type":"post","link":"https:\/\/hablemosclarotdf.com.ar\/?p=15156","title":{"rendered":"USHUAIA : SE LLEV\u00d3 ADELANTE EL LANZAMIENTO DEL PROGRAMA DE FOMENTO LOCAL PARA LA ACCI\u00d3N DEL MOVIMIENTO DE ESTUDIANTES AGRUPADOS"},"content":{"rendered":"<p>La propuesta municipal se realiz\u00f3 en el Foyer \u201cEgo Pereda\u201d de la Casa de la Cultura<\/p>\n<p>La Municipalidad de Ushuaia, a trav\u00e9s de la Coordinaci\u00f3n de Juventudes de la Secretar\u00eda de Cultura y Educaci\u00f3n, llev\u00f3 adelante en el Foyer \u201cEgo Pereda\u201d de la Casa de la Cultura la primera jornada del programa de Fomento Local Para la Acci\u00f3n del Movimiento de Estudiantes Agrupados F.L.A.M.E.A.<br \/>\nLa propuesta, que cont\u00f3 con la colaboraci\u00f3n de la Uni\u00f3n de Estudiantes Secundarios de Ushuaia y la participaci\u00f3n del equipo de psicopedagog\u00eda de Juventudes, tiene el objetivo de brindar herramientas a las y los estudiantes para la conformaci\u00f3n y consolidaci\u00f3n de los Centros de Estudiantes, buscando promover una cultura democr\u00e1tica y participativa entre las y los j\u00f3venes.<br \/>\nBel\u00e9n Molina, secretaria de Cultura y Educaci\u00f3n, destac\u00f3 que \u201ces importante para esta gesti\u00f3n municipal generar espacios para la construcci\u00f3n de comunidad y la representaci\u00f3n estudiantil. Donde podamos contarlos, escucharlos y acompa\u00f1ar su trayectoria acad\u00e9mica. Ellas y ellos son los protagonistas del futuro y hoy de la lucha por la educaci\u00f3n p\u00fablica que es atacada\u201d.<br \/>\nPor su parte el coordinador de Juventudes, Agust\u00edn Monz\u00f3n, explic\u00f3 que \u201cestamos trabajando en brindar acceso a estas herramientas que permitir\u00e1n una mayor consolidaci\u00f3n de los Centros de Estudiantes en toda la ciudad, entendiendo que esas \u00e1reas son de vital importancia para la vida estudiantil. Es un proceso al que buscamos darle continuidad, acompa\u00f1ando a los chicos y chicas en este proceso de conformaci\u00f3n y desarrollo\u201d.<\/p>\n<p><img loading=\"lazy\" decoding=\"async\" class=\"alignnone size-medium wp-image-15162\" src=\"https:\/\/hablemosclarotdf.com.ar\/wp-content\/uploads\/2024\/10\/photo_2024-10-17_17-55-01-300x200.jpg\" alt=\"\" width=\"300\" height=\"200\" srcset=\"https:\/\/hablemosclarotdf.com.ar\/wp-content\/uploads\/2024\/10\/photo_2024-10-17_17-55-01-300x200.jpg 300w, https:\/\/hablemosclarotdf.com.ar\/wp-content\/uploads\/2024\/10\/photo_2024-10-17_17-55-01-1024x682.jpg 1024w, https:\/\/hablemosclarotdf.com.ar\/wp-content\/uploads\/2024\/10\/photo_2024-10-17_17-55-01-768x512.jpg 768w, https:\/\/hablemosclarotdf.com.ar\/wp-content\/uploads\/2024\/10\/photo_2024-10-17_17-55-01.jpg 1280w\" sizes=\"auto, (max-width: 300px) 100vw, 300px\" \/> <img loading=\"lazy\" decoding=\"async\" class=\"alignnone size-medium wp-image-15163\" src=\"https:\/\/hablemosclarotdf.com.ar\/wp-content\/uploads\/2024\/10\/photo_2024-10-17_17-55-09-300x200.jpg\" alt=\"\" width=\"300\" height=\"200\" srcset=\"https:\/\/hablemosclarotdf.com.ar\/wp-content\/uploads\/2024\/10\/photo_2024-10-17_17-55-09-300x200.jpg 300w, https:\/\/hablemosclarotdf.com.ar\/wp-content\/uploads\/2024\/10\/photo_2024-10-17_17-55-09-1024x682.jpg 1024w, https:\/\/hablemosclarotdf.com.ar\/wp-content\/uploads\/2024\/10\/photo_2024-10-17_17-55-09-768x512.jpg 768w, https:\/\/hablemosclarotdf.com.ar\/wp-content\/uploads\/2024\/10\/photo_2024-10-17_17-55-09.jpg 1280w\" sizes=\"auto, (max-width: 300px) 100vw, 300px\" \/> <img loading=\"lazy\" decoding=\"async\" class=\"alignnone size-medium wp-image-15164\" src=\"https:\/\/hablemosclarotdf.com.ar\/wp-content\/uploads\/2024\/10\/photo_2024-10-17_17-55-12-300x200.jpg\" alt=\"\" width=\"300\" height=\"200\" srcset=\"https:\/\/hablemosclarotdf.com.ar\/wp-content\/uploads\/2024\/10\/photo_2024-10-17_17-55-12-300x200.jpg 300w, https:\/\/hablemosclarotdf.com.ar\/wp-content\/uploads\/2024\/10\/photo_2024-10-17_17-55-12-1024x682.jpg 1024w, https:\/\/hablemosclarotdf.com.ar\/wp-content\/uploads\/2024\/10\/photo_2024-10-17_17-55-12-768x512.jpg 768w, https:\/\/hablemosclarotdf.com.ar\/wp-content\/uploads\/2024\/10\/photo_2024-10-17_17-55-12.jpg 1280w\" sizes=\"auto, (max-width: 300px) 100vw, 300px\" \/> <img loading=\"lazy\" decoding=\"async\" class=\"alignnone size-medium wp-image-15165\" src=\"https:\/\/hablemosclarotdf.com.ar\/wp-content\/uploads\/2024\/10\/photo_2024-10-17_17-55-16-300x200.jpg\" alt=\"\" width=\"300\" height=\"200\" srcset=\"https:\/\/hablemosclarotdf.com.ar\/wp-content\/uploads\/2024\/10\/photo_2024-10-17_17-55-16-300x200.jpg 300w, https:\/\/hablemosclarotdf.com.ar\/wp-content\/uploads\/2024\/10\/photo_2024-10-17_17-55-16-1024x682.jpg 1024w, https:\/\/hablemosclarotdf.com.ar\/wp-content\/uploads\/2024\/10\/photo_2024-10-17_17-55-16-768x512.jpg 768w, https:\/\/hablemosclarotdf.com.ar\/wp-content\/uploads\/2024\/10\/photo_2024-10-17_17-55-16.jpg 1280w\" sizes=\"auto, (max-width: 300px) 100vw, 300px\" \/> <img loading=\"lazy\" decoding=\"async\" class=\"alignnone size-medium wp-image-15166\" src=\"https:\/\/hablemosclarotdf.com.ar\/wp-content\/uploads\/2024\/10\/photo_2024-10-17_17-55-20-300x200.jpg\" alt=\"\" width=\"300\" height=\"200\" srcset=\"https:\/\/hablemosclarotdf.com.ar\/wp-content\/uploads\/2024\/10\/photo_2024-10-17_17-55-20-300x200.jpg 300w, https:\/\/hablemosclarotdf.com.ar\/wp-content\/uploads\/2024\/10\/photo_2024-10-17_17-55-20-1024x683.jpg 1024w, https:\/\/hablemosclarotdf.com.ar\/wp-content\/uploads\/2024\/10\/photo_2024-10-17_17-55-20-768x512.jpg 768w, https:\/\/hablemosclarotdf.com.ar\/wp-content\/uploads\/2024\/10\/photo_2024-10-17_17-55-20.jpg 1280w\" sizes=\"auto, (max-width: 300px) 100vw, 300px\" \/> <img loading=\"lazy\" decoding=\"async\" class=\"alignnone size-medium wp-image-15167\" src=\"https:\/\/hablemosclarotdf.com.ar\/wp-content\/uploads\/2024\/10\/photo_2024-10-17_17-55-23-300x200.jpg\" alt=\"\" width=\"300\" height=\"200\" srcset=\"https:\/\/hablemosclarotdf.com.ar\/wp-content\/uploads\/2024\/10\/photo_2024-10-17_17-55-23-300x200.jpg 300w, https:\/\/hablemosclarotdf.com.ar\/wp-content\/uploads\/2024\/10\/photo_2024-10-17_17-55-23-1024x683.jpg 1024w, https:\/\/hablemosclarotdf.com.ar\/wp-content\/uploads\/2024\/10\/photo_2024-10-17_17-55-23-768x512.jpg 768w, https:\/\/hablemosclarotdf.com.ar\/wp-content\/uploads\/2024\/10\/photo_2024-10-17_17-55-23.jpg 1280w\" sizes=\"auto, (max-width: 300px) 100vw, 300px\" \/> <img loading=\"lazy\" decoding=\"async\" class=\"alignnone size-medium wp-image-15168\" src=\"https:\/\/hablemosclarotdf.com.ar\/wp-content\/uploads\/2024\/10\/photo_2024-10-17_17-55-27-300x200.jpg\" alt=\"\" width=\"300\" height=\"200\" srcset=\"https:\/\/hablemosclarotdf.com.ar\/wp-content\/uploads\/2024\/10\/photo_2024-10-17_17-55-27-300x200.jpg 300w, https:\/\/hablemosclarotdf.com.ar\/wp-content\/uploads\/2024\/10\/photo_2024-10-17_17-55-27-1024x682.jpg 1024w, https:\/\/hablemosclarotdf.com.ar\/wp-content\/uploads\/2024\/10\/photo_2024-10-17_17-55-27-768x512.jpg 768w, https:\/\/hablemosclarotdf.com.ar\/wp-content\/uploads\/2024\/10\/photo_2024-10-17_17-55-27.jpg 1280w\" sizes=\"auto, (max-width: 300px) 100vw, 300px\" \/> <img loading=\"lazy\" decoding=\"async\" class=\"alignnone size-medium wp-image-15169\" src=\"https:\/\/hablemosclarotdf.com.ar\/wp-content\/uploads\/2024\/10\/photo_2024-10-17_17-55-32-300x200.jpg\" alt=\"\" width=\"300\" height=\"200\" srcset=\"https:\/\/hablemosclarotdf.com.ar\/wp-content\/uploads\/2024\/10\/photo_2024-10-17_17-55-32-300x200.jpg 300w, https:\/\/hablemosclarotdf.com.ar\/wp-content\/uploads\/2024\/10\/photo_2024-10-17_17-55-32-1024x683.jpg 1024w, https:\/\/hablemosclarotdf.com.ar\/wp-content\/uploads\/2024\/10\/photo_2024-10-17_17-55-32-768x512.jpg 768w, https:\/\/hablemosclarotdf.com.ar\/wp-content\/uploads\/2024\/10\/photo_2024-10-17_17-55-32.jpg 1280w\" sizes=\"auto, (max-width: 300px) 100vw, 300px\" \/> <img loading=\"lazy\" decoding=\"async\" class=\"alignnone size-medium wp-image-15170\" src=\"https:\/\/hablemosclarotdf.com.ar\/wp-content\/uploads\/2024\/10\/photo_2024-10-17_17-55-36-300x200.jpg\" alt=\"\" width=\"300\" height=\"200\" srcset=\"https:\/\/hablemosclarotdf.com.ar\/wp-content\/uploads\/2024\/10\/photo_2024-10-17_17-55-36-300x200.jpg 300w, https:\/\/hablemosclarotdf.com.ar\/wp-content\/uploads\/2024\/10\/photo_2024-10-17_17-55-36-1024x682.jpg 1024w, https:\/\/hablemosclarotdf.com.ar\/wp-content\/uploads\/2024\/10\/photo_2024-10-17_17-55-36-768x512.jpg 768w, https:\/\/hablemosclarotdf.com.ar\/wp-content\/uploads\/2024\/10\/photo_2024-10-17_17-55-36.jpg 1280w\" sizes=\"auto, (max-width: 300px) 100vw, 300px\" \/> <img loading=\"lazy\" decoding=\"async\" class=\"alignnone size-medium wp-image-15171\" src=\"https:\/\/hablemosclarotdf.com.ar\/wp-content\/uploads\/2024\/10\/photo_2024-10-17_17-55-40-300x200.jpg\" alt=\"\" width=\"300\" height=\"200\" srcset=\"https:\/\/hablemosclarotdf.com.ar\/wp-content\/uploads\/2024\/10\/photo_2024-10-17_17-55-40-300x200.jpg 300w, https:\/\/hablemosclarotdf.com.ar\/wp-content\/uploads\/2024\/10\/photo_2024-10-17_17-55-40-1024x683.jpg 1024w, https:\/\/hablemosclarotdf.com.ar\/wp-content\/uploads\/2024\/10\/photo_2024-10-17_17-55-40-768x512.jpg 768w, https:\/\/hablemosclarotdf.com.ar\/wp-content\/uploads\/2024\/10\/photo_2024-10-17_17-55-40.jpg 1280w\" sizes=\"auto, (max-width: 300px) 100vw, 300px\" \/><\/p>\n","protected":false},"excerpt":{"rendered":"<p>La propuesta municipal se realiz\u00f3 en el Foyer \u201cEgo Pereda\u201d de la Casa de la&#8230;<\/p>\n","protected":false},"author":1,"featured_media":15161,"comment_status":"closed","ping_status":"closed","sticky":false,"template":"","format":"standard","meta":{"footnotes":""},"categories":[3],"tags":[],"class_list":["post-15156","post","type-post","status-publish","format-standard","has-post-thumbnail","hentry","category-noticias"],"jetpack_featured_media_url":"https:\/\/hablemosclarotdf.com.ar\/wp-content\/uploads\/2024\/10\/photo_2024-10-17_17-54-57-2.jpg","_links":{"self":[{"href":"https:\/\/hablemosclarotdf.com.ar\/index.php?rest_route=\/wp\/v2\/posts\/15156","targetHints":{"allow":["GET"]}}],"collection":[{"href":"https:\/\/hablemosclarotdf.com.ar\/index.php?rest_route=\/wp\/v2\/posts"}],"about":[{"href":"https:\/\/hablemosclarotdf.com.ar\/index.php?rest_route=\/wp\/v2\/types\/post"}],"author":[{"embeddable":true,"href":"https:\/\/hablemosclarotdf.com.ar\/index.php?rest_route=\/wp\/v2\/users\/1"}],"replies":[{"embeddable":true,"href":"https:\/\/hablemosclarotdf.com.ar\/index.php?rest_route=%2Fwp%2Fv2%2Fcomments&post=15156"}],"version-history":[{"count":1,"href":"https:\/\/hablemosclarotdf.com.ar\/index.php?rest_route=\/wp\/v2\/posts\/15156\/revisions"}],"predecessor-version":[{"id":15172,"href":"https:\/\/hablemosclarotdf.com.ar\/index.php?rest_route=\/wp\/v2\/posts\/15156\/revisions\/15172"}],"wp:featuredmedia":[{"embeddable":true,"href":"https:\/\/hablemosclarotdf.com.ar\/index.php?rest_route=\/wp\/v2\/media\/15161"}],"wp:attachment":[{"href":"https:\/\/hablemosclarotdf.com.ar\/index.php?rest_route=%2Fwp%2Fv2%2Fmedia&parent=15156"}],"wp:term":[{"taxonomy":"category","embeddable":true,"href":"https:\/\/hablemosclarotdf.com.ar\/index.php?rest_route=%2Fwp%2Fv2%2Fcategories&post=15156"},{"taxonomy":"post_tag","embeddable":true,"href":"https:\/\/hablemosclarotdf.com.ar\/index.php?rest_route=%2Fwp%2Fv2%2Ftags&post=15156"}],"curies":[{"name":"wp","href":"https:\/\/api.w.org\/{rel}","templated":true}]}}